{"id":118686,"date":"2025-12-27T19:17:12","date_gmt":"2025-12-27T19:17:12","guid":{"rendered":"https:\/\/www.europesays.com\/se\/118686\/"},"modified":"2025-12-27T19:17:12","modified_gmt":"2025-12-27T19:17:12","slug":"orebro-pa-vag-att-ga-om-vasteras-en-ny-stadsrankning-tar-form-orebronyheter","status":"publish","type":"post","link":"https:\/\/www.europesays.com\/se\/118686\/","title":{"rendered":"\u00d6rebro p\u00e5 v\u00e4g att g\u00e5 om V\u00e4ster\u00e5s \u2013 en ny stadsrankning tar form \u2013 \u00d6rebronyheter"},"content":{"rendered":"<p>\t\t\t\t\t\t\t\t<img width=\"300\" height=\"336\" src=\"https:\/\/www.europesays.com\/se\/wp-content\/uploads\/2025\/12\/oreo-vy-300x336.jpg\" class=\"attachment-post-thumb size-post-thumb wp-post-image\" alt=\"\" decoding=\"async\" fetchpriority=\"high\"  \/>\t\t\t\t\t\t\t\t\t\t\t\t\t\t\t\t\tFoto: Anders Olofsson<\/p>\n<p><strong>Kampen om titeln som Sveriges sj\u00e4tte st\u00f6rsta stad h\u00e5rdnar. I m\u00e5nga \u00e5r har V\u00e4ster\u00e5s legat f\u00f6re \u00d6rebro n\u00e4r det g\u00e4ller befolkning, men nu visar nya siffror och prognoser att \u00d6rebro n\u00e4rmar sig \u2013 och ser ut att kunna passera V\u00e4ster\u00e5s inom n\u00e5gra \u00e5r.<\/strong><\/p>\n<p><strong>V\u00e4ster\u00e5s ligger fortfarande i ledning<\/strong><\/p>\n<p>Traditionellt har V\u00e4ster\u00e5s varit landets sj\u00e4tte st\u00f6rsta kommun sett till inv\u00e5narantal, strax f\u00f6re \u00d6rebro. Tidigare statistik fr\u00e5n Statistiska centralbyr\u00e5n (SCB) visade att V\u00e4ster\u00e5s hade fler inv\u00e5nare \u00e4n \u00d6rebro vid flera m\u00e4tpunkter, och att skillnaden mellan dem ofta varit liten men \u00e4nd\u00e5 best\u00e5ende.<\/p>\n<p><strong>\u00d6rebro n\u00e4rmar sig snabbt<\/strong><\/p>\n<p>Enligt Sveriges Radios senaste artikel och SCB-prognoser \u00e4r det dock en tydlig trend: \u00d6rebros befolkning v\u00e4xer snabbare \u00e4n V\u00e4ster\u00e5s, vilket g\u00f6r att gapet mellan st\u00e4derna minskar stadigt. Demografen Lena Lundkvist p\u00e5 SCB s\u00e4ger att om utvecklingen forts\u00e4tter i samma takt v\u00e4ntas \u00d6rebro ta \u00f6ver platsen som Sveriges sj\u00e4tte st\u00f6rsta stad omkring \u00e5r 2029.<\/p>\n<p><strong>Flera faktorer ligger bakom detta:<\/strong><\/p>\n<ul>\n<li>Fler f\u00f6dslar och en yngre befolkning i \u00d6rebro j\u00e4mf\u00f6rt med V\u00e4ster\u00e5s.<\/li>\n<li>H\u00f6g inflyttning till \u00d6rebro, b\u00e5de fr\u00e5n andra delar av Sverige och utlandet.<\/li>\n<li>\u00d6rebro v\u00e4xer snabbare i befolkningsm\u00e4ngd under 2025, d\u00e4r kommunen under vissa kvartal \u00f6kade med flera hundra inv\u00e5nare p\u00e5 kort tid, medan tillv\u00e4xten i V\u00e4ster\u00e5s var l\u00e4gre.<\/li>\n<\/ul>\n<p><strong>Vad betyder detta?<\/strong><\/p>\n<p>Att \u00d6rebro eventuellt g\u00e5r om V\u00e4ster\u00e5s \u00e4r inte bara en siffra i statistiken \u2013 det speglar hur svenska st\u00e4der f\u00f6r\u00e4ndras och v\u00e4xer i takt med nya samh\u00e4llstrender. En \u00f6kad attraktivitet f\u00f6r universitetsst\u00e4der, b\u00e4ttre pendlingsm\u00f6jligheter och ett v\u00e4xande arbetsliv kan g\u00f6ra \u00d6rebro mer konkurrenskraftigt i kampen om inv\u00e5nare.<\/p>\n<p>F\u00f6r b\u00e5de \u00d6rebro och V\u00e4ster\u00e5s handlar detta om profilering, tillv\u00e4xtstrategier och l\u00e5ngsiktig stadsplanering. Den kommun som kan erbjuda b\u00e4st f\u00f6ruts\u00e4ttningar f\u00f6r arbete, bost\u00e4der och service har st\u00f6rre chans att locka till sig nya inv\u00e5nare.<\/p>\n<p><strong>Historisk j\u00e4mf\u00f6relse<\/strong><\/p>\n<p>Under 2010-talet passerade \u00d6rebro och V\u00e4ster\u00e5s varandra n\u00e5gra g\u00e5nger, med V\u00e4ster\u00e5s som den stad som flera g\u00e5nger \u00e5tertog ledningen efter att \u00d6rebro tidigare haft fler inv\u00e5nare. Sveriges Radio<br \/>I dagsl\u00e4get \u00e4r det dock V\u00e4ster\u00e5s som fortfarande har flest inv\u00e5nare, men \u00d6rebro n\u00e4rmar sig snabbt och kan komma att ta \u00f6ver f\u00f6rstaplatsen i den inb\u00f6rdes rangordningen inom n\u00e5gra \u00e5r.<\/p>\n<p><strong>\u00d6rebro<\/strong><br \/><strong>\u00d6rebronyheter<\/strong><\/p>\n<p>K\u00e4lla: Sveriges Radio<\/p>\n","protected":false},"excerpt":{"rendered":"Foto: Anders Olofsson Kampen om titeln som Sveriges sj\u00e4tte st\u00f6rsta stad h\u00e5rdnar. I m\u00e5nga \u00e5r har V\u00e4ster\u00e5s legat&hellip;\n","protected":false},"author":2,"featured_media":118687,"comment_status":"","ping_status":"","sticky":false,"template":"","format":"standard","meta":{"footnotes":""},"categories":[65],"tags":[72,70,71,34,31,33,32,30],"class_list":{"0":"post-118686","1":"post","2":"type-post","3":"status-publish","4":"format-standard","5":"has-post-thumbnail","7":"category-ekonomi","8":"tag-business","9":"tag-economy","10":"tag-ekonomi","11":"tag-se","12":"tag-svenska","13":"tag-sverige","14":"tag-sweden","15":"tag-swedish"},"share_on_mastodon":{"url":"https:\/\/pubeurope.com\/@se\/115793143209414770","error":""},"_links":{"self":[{"href":"https:\/\/www.europesays.com\/se\/wp-json\/wp\/v2\/posts\/118686","targetHints":{"allow":["GET"]}}],"collection":[{"href":"https:\/\/www.europesays.com\/se\/wp-json\/wp\/v2\/posts"}],"about":[{"href":"https:\/\/www.europesays.com\/se\/wp-json\/wp\/v2\/types\/post"}],"author":[{"embeddable":true,"href":"https:\/\/www.europesays.com\/se\/wp-json\/wp\/v2\/users\/2"}],"replies":[{"embeddable":true,"href":"https:\/\/www.europesays.com\/se\/wp-json\/wp\/v2\/comments?post=118686"}],"version-history":[{"count":0,"href":"https:\/\/www.europesays.com\/se\/wp-json\/wp\/v2\/posts\/118686\/revisions"}],"wp:featuredmedia":[{"embeddable":true,"href":"https:\/\/www.europesays.com\/se\/wp-json\/wp\/v2\/media\/118687"}],"wp:attachment":[{"href":"https:\/\/www.europesays.com\/se\/wp-json\/wp\/v2\/media?parent=118686"}],"wp:term":[{"taxonomy":"category","embeddable":true,"href":"https:\/\/www.europesays.com\/se\/wp-json\/wp\/v2\/categories?post=118686"},{"taxonomy":"post_tag","embeddable":true,"href":"https:\/\/www.europesays.com\/se\/wp-json\/wp\/v2\/tags?post=118686"}],"curies":[{"name":"wp","href":"https:\/\/api.w.org\/{rel}","templated":true}]}}