{"id":118688,"date":"2025-12-27T19:18:07","date_gmt":"2025-12-27T19:18:07","guid":{"rendered":"https:\/\/www.europesays.com\/se\/118688\/"},"modified":"2025-12-27T19:18:07","modified_gmt":"2025-12-27T19:18:07","slug":"kanadas-premiarminister-barbarisk-rysk-attack","status":"publish","type":"post","link":"https:\/\/www.europesays.com\/se\/118688\/","title":{"rendered":"Kanadas premi\u00e4rminister: Barbarisk rysk attack"},"content":{"rendered":"<p>Ukrainas president Volodymyr Zelenskyj \u00e4r p\u00e5 bes\u00f6k i Kanada inf\u00f6r samtalet med Trump i USA p\u00e5 s\u00f6ndagen. Vid en gemensam presstr\u00e4ff s\u00e4ger Kanadas premi\u00e4rminister Mark Carney att f\u00f6ruts\u00e4ttningar f\u00f6r varaktig fred finns, skriver AFP.<\/p>\n<p>\u2013 Men det kr\u00e4ver ett villigt Ryssland, och den barbari vi s\u00e5g i\u202fnatt visar hur viktigt det \u00e4r att vi st\u00e5r vid Ukrainas sida, till\u00e4gger han med syfte p\u00e5 den storskaliga ryska attacken mot Kyiv.<\/p>\n<p>Carney presenterade ett nytt st\u00f6dpaket p\u00e5 2,5 miljarder kanadensiska dollar, motsvarande n\u00e4stan 17 miljarder kronor, till \u00e5teruppbyggnaden av Ukraina.<\/p>\n<p>Omni \u00e4r politiskt obundna och oberoende. Vi str\u00e4var efter att ge fler perspektiv p\u00e5 nyheterna. Har du fr\u00e5gor eller synpunkter kring v\u00e5r rapportering? <a href=\"https:\/\/omni.se\/kanadas-premiarminister-barbarisk-rysk-attack\/a\/mailto:redaktion@omni.se\" class=\"ArticleActions_contactLink__W2F1M\" rel=\"nofollow noopener\" target=\"_blank\">Kontakta redaktionen<\/a><\/p>\n","protected":false},"excerpt":{"rendered":"Ukrainas president Volodymyr Zelenskyj \u00e4r p\u00e5 bes\u00f6k i Kanada inf\u00f6r samtalet med Trump i USA p\u00e5 s\u00f6ndagen. Vid&hellip;\n","protected":false},"author":2,"featured_media":118689,"comment_status":"","ping_status":"","sticky":false,"template":"","format":"standard","meta":{"footnotes":""},"categories":[14],"tags":[22,23,26,27,17,21,1091,24,25,28,29,4971,15,16,18,269,264,34,31,33,32,30,19,20,263,51,262,52,53,54],"class_list":{"0":"post-118688","1":"post","2":"type-post","3":"status-publish","4":"format-standard","5":"has-post-thumbnail","7":"category-varlden","8":"tag-breaking-news","9":"tag-breakingnews","10":"tag-featured-news","11":"tag-featurednews","12":"tag-headlines","13":"tag-huvudnyheter","14":"tag-kanada","15":"tag-latest-news","16":"tag-latestnews","17":"tag-main-news","18":"tag-mainnews","19":"tag-mark-carney","20":"tag-news","21":"tag-nyheter","22":"tag-rubriker","23":"tag-ryska-invasionen","24":"tag-ryssland","25":"tag-se","26":"tag-svenska","27":"tag-sverige","28":"tag-sweden","29":"tag-swedish","30":"tag-top-stories","31":"tag-topstories","32":"tag-ukraina","33":"tag-varlden","34":"tag-volodymyr-zelenskyj","35":"tag-world","36":"tag-world-news","37":"tag-worldnews"},"share_on_mastodon":{"url":"https:\/\/pubeurope.com\/@se\/115793146946282184","error":""},"_links":{"self":[{"href":"https:\/\/www.europesays.com\/se\/wp-json\/wp\/v2\/posts\/118688","targetHints":{"allow":["GET"]}}],"collection":[{"href":"https:\/\/www.europesays.com\/se\/wp-json\/wp\/v2\/posts"}],"about":[{"href":"https:\/\/www.europesays.com\/se\/wp-json\/wp\/v2\/types\/post"}],"author":[{"embeddable":true,"href":"https:\/\/www.europesays.com\/se\/wp-json\/wp\/v2\/users\/2"}],"replies":[{"embeddable":true,"href":"https:\/\/www.europesays.com\/se\/wp-json\/wp\/v2\/comments?post=118688"}],"version-history":[{"count":0,"href":"https:\/\/www.europesays.com\/se\/wp-json\/wp\/v2\/posts\/118688\/revisions"}],"wp:featuredmedia":[{"embeddable":true,"href":"https:\/\/www.europesays.com\/se\/wp-json\/wp\/v2\/media\/118689"}],"wp:attachment":[{"href":"https:\/\/www.europesays.com\/se\/wp-json\/wp\/v2\/media?parent=118688"}],"wp:term":[{"taxonomy":"category","embeddable":true,"href":"https:\/\/www.europesays.com\/se\/wp-json\/wp\/v2\/categories?post=118688"},{"taxonomy":"post_tag","embeddable":true,"href":"https:\/\/www.europesays.com\/se\/wp-json\/wp\/v2\/tags?post=118688"}],"curies":[{"name":"wp","href":"https:\/\/api.w.org\/{rel}","templated":true}]}}