{"id":11869,"date":"2025-08-23T14:56:09","date_gmt":"2025-08-23T14:56:09","guid":{"rendered":"https:\/\/www.europesays.com\/se\/11869\/"},"modified":"2025-08-23T14:56:09","modified_gmt":"2025-08-23T14:56:09","slug":"far-tullarnas-nackdelar-valjarna-att-overge-trump","status":"publish","type":"post","link":"https:\/\/www.europesays.com\/se\/11869\/","title":{"rendered":"F\u00e5r tullarnas nackdelar v\u00e4ljarna att \u00f6verge Trump?"},"content":{"rendered":"<p>Donald Trump dyker upp p\u00e5 flera svenska ledarsidor p\u00e5 l\u00f6rdagen. GP:s Torbj\u00f6rn H\u00e5ll\u00f6 skriver om den amerikanska tullpolitiken. Han skriver att effekterna \u00e4nnu inte m\u00e4rks fullt ut, men att det bara \u00e4r en tidsfr\u00e5ga innan f\u00f6retag och i f\u00f6rl\u00e4ngningen konsumenterna f\u00e5r betala.<\/p>\n<p>\u201dI takt med att tullpolitikens nackdelar blir synliga och f\u00f6rdelarna uteblir borde v\u00e4ljarna b\u00f6rja \u00f6verge Trump. Men vem vet?\u201d, skriver han.<\/p>\n<p>SvD:s Fredrik Johansson skriver om relationen mellan Trump och Rysslands Vladimir Putin. Han skriver att Putin utnyttjar Trump och dennes f\u00f6rest\u00e4llning om att de b\u00e5da har en god relation.  <\/p>\n<p>\u201dSanningen \u00e4r givetvis att Putin \u00e4r helt likgiltig inf\u00f6r Trump som person eller hans eventuella ambitioner att f\u00e5 Nobels fredspris. Psykologin verkar till ryssens f\u00f6rdel\u201d, skriver han. <\/p>\n<p>\u00c4ven Sydsvenskans Heidi Avellan tar upp Trumps ambitioner att f\u00e5 Nobels fredspris. <\/p>\n<p>\u201dTrump vill ha fredspriset till varje pris. Men det som Ukraina beh\u00f6ver \u00e4r fred, p\u00e5 riktigt. Inte denna dokus\u00e5pa d\u00e4r Trump spelar fredsm\u00e4klare\u201d, skriver hon.<\/p>\n<p>Omnis ledarsvep utg\u00e5r fr\u00e5n de st\u00f6rsta ledarsidorna i Sverige. Urvalet varierar dagligen. <\/p>\n<p>Omni \u00e4r politiskt obundna och oberoende. Vi str\u00e4var efter att ge fler perspektiv p\u00e5 nyheterna. Har du fr\u00e5gor eller synpunkter kring v\u00e5r rapportering? <a href=\"https:\/\/omni.se\/ledare-far-tullarnas-nackdelar-valjarna-att-overge-trump\/a\/mailto:redaktion@omni.se\" class=\"ArticleActions_contactLink__W2F1M\" rel=\"nofollow noopener\" target=\"_blank\">Kontakta redaktionen<\/a><\/p>\n","protected":false},"excerpt":{"rendered":"Donald Trump dyker upp p\u00e5 flera svenska ledarsidor p\u00e5 l\u00f6rdagen. GP:s Torbj\u00f6rn H\u00e5ll\u00f6 skriver om den amerikanska tullpolitiken.&hellip;\n","protected":false},"author":2,"featured_media":11870,"comment_status":"","ping_status":"","sticky":false,"template":"","format":"standard","meta":{"footnotes":""},"categories":[65],"tags":[387,72,385,70,71,511,1633,268,1632,34,31,33,32,30,386,74],"class_list":{"0":"post-11869","1":"post","2":"type-post","3":"status-publish","4":"format-standard","5":"has-post-thumbnail","7":"category-ekonomi","8":"tag-amerikansk-politik","9":"tag-business","10":"tag-donald-trump","11":"tag-economy","12":"tag-ekonomi","13":"tag-ledare","14":"tag-ledarsvepet","15":"tag-nordamerika","16":"tag-opinion","17":"tag-se","18":"tag-svenska","19":"tag-sverige","20":"tag-sweden","21":"tag-swedish","22":"tag-trumps-usa","23":"tag-usa"},"share_on_mastodon":{"url":"","error":""},"_links":{"self":[{"href":"https:\/\/www.europesays.com\/se\/wp-json\/wp\/v2\/posts\/11869","targetHints":{"allow":["GET"]}}],"collection":[{"href":"https:\/\/www.europesays.com\/se\/wp-json\/wp\/v2\/posts"}],"about":[{"href":"https:\/\/www.europesays.com\/se\/wp-json\/wp\/v2\/types\/post"}],"author":[{"embeddable":true,"href":"https:\/\/www.europesays.com\/se\/wp-json\/wp\/v2\/users\/2"}],"replies":[{"embeddable":true,"href":"https:\/\/www.europesays.com\/se\/wp-json\/wp\/v2\/comments?post=11869"}],"version-history":[{"count":0,"href":"https:\/\/www.europesays.com\/se\/wp-json\/wp\/v2\/posts\/11869\/revisions"}],"wp:featuredmedia":[{"embeddable":true,"href":"https:\/\/www.europesays.com\/se\/wp-json\/wp\/v2\/media\/11870"}],"wp:attachment":[{"href":"https:\/\/www.europesays.com\/se\/wp-json\/wp\/v2\/media?parent=11869"}],"wp:term":[{"taxonomy":"category","embeddable":true,"href":"https:\/\/www.europesays.com\/se\/wp-json\/wp\/v2\/categories?post=11869"},{"taxonomy":"post_tag","embeddable":true,"href":"https:\/\/www.europesays.com\/se\/wp-json\/wp\/v2\/tags?post=11869"}],"curies":[{"name":"wp","href":"https:\/\/api.w.org\/{rel}","templated":true}]}}