{"id":118690,"date":"2025-12-27T19:19:07","date_gmt":"2025-12-27T19:19:07","guid":{"rendered":"https:\/\/www.europesays.com\/se\/118690\/"},"modified":"2025-12-27T19:19:07","modified_gmt":"2025-12-27T19:19:07","slug":"anna-lindell-oppnar-fotvard-i-osthammar","status":"publish","type":"post","link":"https:\/\/www.europesays.com\/se\/118690\/","title":{"rendered":"Anna Lindell \u00f6ppnar fotv\u00e5rd i \u00d6sthammar"},"content":{"rendered":"<p>Att hon valde just fotv\u00e5rd \u00e4r ingen slump. Intresset v\u00e4cktes tidigt genom hennes mamma, som sj\u00e4lv arbetade inom yrket.\u00a0Men det dr\u00f6jde till h\u00f6sten 2021 innan Anna Lindell valde att f\u00f6lja i sin mammas fotsp\u00e5r. Under pandemin ringde hennes mamma och tipsade om en distansutbildning till just fotterapeut.\u2013 Jag hade ju sett hur mamma hj\u00e4lpte m\u00e4nniskor och vilken skillnad de<\/p>\n","protected":false},"excerpt":{"rendered":"Att hon valde just fotv\u00e5rd \u00e4r ingen slump. Intresset v\u00e4cktes tidigt genom hennes mamma, som sj\u00e4lv arbetade inom&hellip;\n","protected":false},"author":2,"featured_media":118691,"comment_status":"","ping_status":"","sticky":false,"template":"","format":"standard","meta":{"footnotes":""},"categories":[12],"tags":[22,23,26,27,17,21,24,25,28,29,15,16,18,34,31,33,32,30,19,20],"class_list":{"0":"post-118690","1":"post","2":"type-post","3":"status-publish","4":"format-standard","5":"has-post-thumbnail","7":"category-sverige","8":"tag-breaking-news","9":"tag-breakingnews","10":"tag-featured-news","11":"tag-featurednews","12":"tag-headlines","13":"tag-huvudnyheter","14":"tag-latest-news","15":"tag-latestnews","16":"tag-main-news","17":"tag-mainnews","18":"tag-news","19":"tag-nyheter","20":"tag-rubriker","21":"tag-se","22":"tag-svenska","23":"tag-sverige","24":"tag-sweden","25":"tag-swedish","26":"tag-top-stories","27":"tag-topstories"},"share_on_mastodon":{"url":"https:\/\/pubeurope.com\/@se\/115793150895220328","error":""},"_links":{"self":[{"href":"https:\/\/www.europesays.com\/se\/wp-json\/wp\/v2\/posts\/118690","targetHints":{"allow":["GET"]}}],"collection":[{"href":"https:\/\/www.europesays.com\/se\/wp-json\/wp\/v2\/posts"}],"about":[{"href":"https:\/\/www.europesays.com\/se\/wp-json\/wp\/v2\/types\/post"}],"author":[{"embeddable":true,"href":"https:\/\/www.europesays.com\/se\/wp-json\/wp\/v2\/users\/2"}],"replies":[{"embeddable":true,"href":"https:\/\/www.europesays.com\/se\/wp-json\/wp\/v2\/comments?post=118690"}],"version-history":[{"count":0,"href":"https:\/\/www.europesays.com\/se\/wp-json\/wp\/v2\/posts\/118690\/revisions"}],"wp:featuredmedia":[{"embeddable":true,"href":"https:\/\/www.europesays.com\/se\/wp-json\/wp\/v2\/media\/118691"}],"wp:attachment":[{"href":"https:\/\/www.europesays.com\/se\/wp-json\/wp\/v2\/media?parent=118690"}],"wp:term":[{"taxonomy":"category","embeddable":true,"href":"https:\/\/www.europesays.com\/se\/wp-json\/wp\/v2\/categories?post=118690"},{"taxonomy":"post_tag","embeddable":true,"href":"https:\/\/www.europesays.com\/se\/wp-json\/wp\/v2\/tags?post=118690"}],"curies":[{"name":"wp","href":"https:\/\/api.w.org\/{rel}","templated":true}]}}