{"id":118706,"date":"2025-12-27T19:43:07","date_gmt":"2025-12-27T19:43:07","guid":{"rendered":"https:\/\/www.europesays.com\/se\/118706\/"},"modified":"2025-12-27T19:43:07","modified_gmt":"2025-12-27T19:43:07","slug":"ann-soderlund-fast-i-johannes-tvingats-ta-in-pa-hotell","status":"publish","type":"post","link":"https:\/\/www.europesays.com\/se\/118706\/","title":{"rendered":"Ann S\u00f6derlund fast i Johannes \u2013 tvingats ta in p\u00e5 hotell"},"content":{"rendered":"<p>Publicerad 27 dec 2025 kl 20.24<\/p>\n<p>Medieprofilen Ann S\u00f6derlund \u00e4r fast i stormen Johannes.\u00a0<\/p>\n<p>P\u00e5 v\u00e4g till ny\u00e5rsfirandet uppmanade polisen henne att v\u00e4nda om \u2013 men familjen lyckades f\u00e5 det sista hotellrummet l\u00e4ngs v\u00e4gen.\u00a0<\/p>\n<p>\u201dDet \u00e4r <strong>orkan<\/strong><strong>vibe<\/strong>\u201d, skriver S\u00f6derlund till Expressen.\u00a0<\/p>\n<p>Se kaoset: Fallna tr\u00e4d och elledningar som brinner.<img loading=\"lazy\"   alt=\"\"\/><\/p>\n<p>Ann S\u00f6derlund.<\/p>\n<p>Foto: Eero Hannukainen \/ IBL<\/p>\n<p>\u00d6ppna bild i helsk\u00e4rm<img loading=\"lazy\"   alt=\"\"\/><\/p>\n<p>Ann S\u00f6derlund \u00e4r p\u00e5 v\u00e4g till ett ny\u00e5rsfirande utanf\u00f6r \u00c5re.<\/p>\n<p>Foto: Privat<\/p>\n<p>\u00d6ppna bild i helsk\u00e4rm<\/p>\n<p>Medieprofilen och poddaren <a href=\"https:\/\/www.expressen.se\/tagg\/person\/ann-soderlund\/\" class=\"\" rel=\"nofollow noopener\" target=\"_blank\">Ann S\u00f6derlund<\/a> och familjen p\u00e5b\u00f6rjade sin resa mot ny\u00e5rsfirandet i Buustamon utanf\u00f6r \u00c5re n\u00e4r stormvindarna m\u00f6tte dem p\u00e5 v\u00e4gen.\u00a0<\/p>\n<p>\u201dJag var s\u00e5 kaxig i f\u00f6rmiddags sen kom vi till G\u00e4vle och julbocken fl\u00f6g i v\u00e4g p\u00e5 klassiskt katastroff-films-s\u00e4tt\u201d, skriver hon i ett meddelande till Expressen.\u00a0<\/p>\n<p>Hon skriver att n\u00e4r de l\u00e4mnade G\u00e4vle och p\u00e5b\u00f6rjade resan mot Sundsvall b\u00f6rjade de bli riktigt nerv\u00f6sa.\u00a0<\/p>\n<p>\u201dTr\u00e4den ser ut som plockepinn, bilen v\u00e4jer, tr\u00e4d faller, det \u00e4r orkan-vibe\u201d, skriver hon vidare.\u00a0<\/p>\n<p>Fick ta in p\u00e5 hotell: \u201dKrigsk\u00e4nsla\u201d<\/p>\n<p>P\u00e5 v\u00e4gen stannade de till vid en av m\u00e5nga poliser som stationerat sig l\u00e4ngs med v\u00e4gen.<\/p>\n<p>\u201dHan tycker vi ska v\u00e4nda\u201d, \u00e5terber\u00e4ttar S\u00f6derlund.<\/p>\n<p>Men det ville inte familjen som ska fira in det nya \u00e5ret med poddkollegan Sanna Lundell i fj\u00e4llen. L\u00f6sningen blev att checka in p\u00e5 hotell.\u00a0<\/p>\n<p>\u201dVi f\u00e5r sist rummet p\u00e5 best western i S\u00f6derhamn nu har vi varit i poolen och tr\u00e4ffat lite folk som blev avsl\u00e4ngda fr\u00e5n t\u00e5get\u201d.<\/p>\n<p>Hon forts\u00e4tter:<\/p>\n<p>\u201dKrigsk\u00e4nsla\u201d.<\/p>\n<p><img loading=\"lazy\"   alt=\"\"\/><\/p>\n<p>Ann S\u00f6derlund visar upp bl\u00e5sten.<\/p>\n<p>Foto: Privat<\/p>\n<p>\u00d6ppna bild i helsk\u00e4rm<img loading=\"lazy\"   alt=\"\"\/><\/p>\n<p>P\u00e5 en parkeringsplats l\u00e4ngs v\u00e4gen bl\u00e5ser det full storm.<\/p>\n<p>Foto: Privat<\/p>\n<p>\u00d6ppna bild i helsk\u00e4rm<\/p>\n","protected":false},"excerpt":{"rendered":"Publicerad 27 dec 2025 kl 20.24 Medieprofilen Ann S\u00f6derlund \u00e4r fast i stormen Johannes.\u00a0 P\u00e5 v\u00e4g till ny\u00e5rsfirandet&hellip;\n","protected":false},"author":2,"featured_media":118707,"comment_status":"","ping_status":"","sticky":false,"template":"","format":"standard","meta":{"footnotes":""},"categories":[67],"tags":[104,918,12698,1424,12697,34,31,33,32,30,310,105],"class_list":{"0":"post-118706","1":"post","2":"type-post","3":"status-publish","4":"format-standard","5":"has-post-thumbnail","7":"category-underhallning","8":"tag-entertainment","9":"tag-location-gavle","10":"tag-location-soderhamn","11":"tag-location-sundsvall","12":"tag-person-ann-soderlund","13":"tag-se","14":"tag-svenska","15":"tag-sverige","16":"tag-sweden","17":"tag-swedish","18":"tag-topic-kandisar","19":"tag-underhallning"},"share_on_mastodon":{"url":"https:\/\/pubeurope.com\/@se\/115793245205589679","error":""},"_links":{"self":[{"href":"https:\/\/www.europesays.com\/se\/wp-json\/wp\/v2\/posts\/118706","targetHints":{"allow":["GET"]}}],"collection":[{"href":"https:\/\/www.europesays.com\/se\/wp-json\/wp\/v2\/posts"}],"about":[{"href":"https:\/\/www.europesays.com\/se\/wp-json\/wp\/v2\/types\/post"}],"author":[{"embeddable":true,"href":"https:\/\/www.europesays.com\/se\/wp-json\/wp\/v2\/users\/2"}],"replies":[{"embeddable":true,"href":"https:\/\/www.europesays.com\/se\/wp-json\/wp\/v2\/comments?post=118706"}],"version-history":[{"count":0,"href":"https:\/\/www.europesays.com\/se\/wp-json\/wp\/v2\/posts\/118706\/revisions"}],"wp:featuredmedia":[{"embeddable":true,"href":"https:\/\/www.europesays.com\/se\/wp-json\/wp\/v2\/media\/118707"}],"wp:attachment":[{"href":"https:\/\/www.europesays.com\/se\/wp-json\/wp\/v2\/media?parent=118706"}],"wp:term":[{"taxonomy":"category","embeddable":true,"href":"https:\/\/www.europesays.com\/se\/wp-json\/wp\/v2\/categories?post=118706"},{"taxonomy":"post_tag","embeddable":true,"href":"https:\/\/www.europesays.com\/se\/wp-json\/wp\/v2\/tags?post=118706"}],"curies":[{"name":"wp","href":"https:\/\/api.w.org\/{rel}","templated":true}]}}