{"id":118708,"date":"2025-12-27T19:47:39","date_gmt":"2025-12-27T19:47:39","guid":{"rendered":"https:\/\/www.europesays.com\/se\/118708\/"},"modified":"2025-12-27T19:47:39","modified_gmt":"2025-12-27T19:47:39","slug":"man-dod-klamdes-under-husbil","status":"publish","type":"post","link":"https:\/\/www.europesays.com\/se\/118708\/","title":{"rendered":"Man d\u00f6d \u2013 kl\u00e4mdes under husbil"},"content":{"rendered":"<p class=\"boxtextgrotesk-root_baa6 hyperion-css-7pajle\">Publicerad 2025-12-26 16.10<\/p>\n<p>share-arrowDela<\/p>\n<p>unsaveSpara<\/p>\n<p>expand-left<\/p>\n<p>helsk\u00e4rm<img decoding=\"async\" class=\"image-asset hyperion-css-u06ts1\" data-test-tag=\"image-asset\" src=\"https:\/\/www.europesays.com\/se\/wp-content\/uploads\/2025\/12\/a2f75b6a-763b-4b03-a602-6102347dc1bc\"  alt=\"En man som blev fastkl\u00e4md under en husbil har avlidit av sina skador. Arkivbild.\"  loading=\"eager\" fetchpriority=\"high\" style=\"aspect-ratio:1900 \/ 1267\"\/>En man som blev fastkl\u00e4md under en husbil har avlidit av sina skador. Arkivbild. Foto: Christine Olsson\/TT<\/p>\n<p class=\"hyperion-css-1shl3oz\" data-test-tag=\"lead-text\">En man i 40-\u00e5rs\u00e5ldern har avlidit av skadorna han fick efter att ha kl\u00e4mts fast under en husbil i V\u00e4nn\u00e4sby i V\u00e4sterbotten, rapporterar SVT V\u00e4sterbotten.<\/p>\n<p class=\"hyperion-css-1v9qo5x\">Olyckan intr\u00e4ffade p\u00e5 juldagen. Mannen f\u00f6rdes sv\u00e5rt skadad till sjukhus och v\u00e5rdades p\u00e5 intensivv\u00e5rdsavdelningen, men hans liv gick inte att r\u00e4dda.<\/p>\n","protected":false},"excerpt":{"rendered":"Publicerad 2025-12-26 16.10 share-arrowDela unsaveSpara expand-left helsk\u00e4rmEn man som blev fastkl\u00e4md under en husbil har avlidit av sina&hellip;\n","protected":false},"author":2,"featured_media":118709,"comment_status":"","ping_status":"","sticky":false,"template":"","format":"standard","meta":{"footnotes":""},"categories":[12],"tags":[22,23,26,27,17,21,24,25,28,29,15,16,18,34,31,33,32,30,19,20],"class_list":{"0":"post-118708","1":"post","2":"type-post","3":"status-publish","4":"format-standard","5":"has-post-thumbnail","7":"category-sverige","8":"tag-breaking-news","9":"tag-breakingnews","10":"tag-featured-news","11":"tag-featurednews","12":"tag-headlines","13":"tag-huvudnyheter","14":"tag-latest-news","15":"tag-latestnews","16":"tag-main-news","17":"tag-mainnews","18":"tag-news","19":"tag-nyheter","20":"tag-rubriker","21":"tag-se","22":"tag-svenska","23":"tag-sverige","24":"tag-sweden","25":"tag-swedish","26":"tag-top-stories","27":"tag-topstories"},"share_on_mastodon":{"url":"https:\/\/pubeurope.com\/@se\/115793261350848130","error":""},"_links":{"self":[{"href":"https:\/\/www.europesays.com\/se\/wp-json\/wp\/v2\/posts\/118708","targetHints":{"allow":["GET"]}}],"collection":[{"href":"https:\/\/www.europesays.com\/se\/wp-json\/wp\/v2\/posts"}],"about":[{"href":"https:\/\/www.europesays.com\/se\/wp-json\/wp\/v2\/types\/post"}],"author":[{"embeddable":true,"href":"https:\/\/www.europesays.com\/se\/wp-json\/wp\/v2\/users\/2"}],"replies":[{"embeddable":true,"href":"https:\/\/www.europesays.com\/se\/wp-json\/wp\/v2\/comments?post=118708"}],"version-history":[{"count":0,"href":"https:\/\/www.europesays.com\/se\/wp-json\/wp\/v2\/posts\/118708\/revisions"}],"wp:featuredmedia":[{"embeddable":true,"href":"https:\/\/www.europesays.com\/se\/wp-json\/wp\/v2\/media\/118709"}],"wp:attachment":[{"href":"https:\/\/www.europesays.com\/se\/wp-json\/wp\/v2\/media?parent=118708"}],"wp:term":[{"taxonomy":"category","embeddable":true,"href":"https:\/\/www.europesays.com\/se\/wp-json\/wp\/v2\/categories?post=118708"},{"taxonomy":"post_tag","embeddable":true,"href":"https:\/\/www.europesays.com\/se\/wp-json\/wp\/v2\/tags?post=118708"}],"curies":[{"name":"wp","href":"https:\/\/api.w.org\/{rel}","templated":true}]}}