{"id":118710,"date":"2025-12-27T19:48:19","date_gmt":"2025-12-27T19:48:19","guid":{"rendered":"https:\/\/www.europesays.com\/se\/118710\/"},"modified":"2025-12-27T19:48:19","modified_gmt":"2025-12-27T19:48:19","slug":"tva-man-doda-fick-fallande-trad-over-sig","status":"publish","type":"post","link":"https:\/\/www.europesays.com\/se\/118710\/","title":{"rendered":"Tv\u00e5 m\u00e4n d\u00f6da \u2013 fick fallande tr\u00e4d \u00f6ver sig"},"content":{"rendered":"<p>Av Joel Malm\u00e9n<br \/>Publicerad 27 december, 16:32. Uppdaterad 27 december, 20:16<\/p>\n<p>Tv\u00e5 m\u00e4n har d\u00f6tt efter att ha f\u00e5tt fallande tr\u00e4d \u00f6ver sig under stormen Johannes framfart, rapporterar SVT.<\/p>\n<p>P\u00e5 eftermiddagen dog en man i 50-\u00e5rs\u00e5ldern efter att ha f\u00e5tt ett tr\u00e4d \u00f6ver sig i Kungsbergets naturreservat utanf\u00f6r Sandviken.<\/p>\n<p>P\u00e5 kv\u00e4llen d\u00f6df\u00f6rklarades en man i H\u00e4rn\u00f6sand efter att ha kl\u00e4mts under ett fallande tr\u00e4d n\u00e4r han arbetade. Han var anst\u00e4lld av det kommunala milj\u00f6- och energibolaget Hemab.<\/p>\n<p>\u2013 Vi har tagit hem alla som varit ute, det \u00e4r inte s\u00e4kert att utf\u00f6ra n\u00e5gra arbeten i f\u00e4lt, s\u00e4ger Hemabs kund- och marknadschef Fredrik Olsson.<\/p>\n<p>M\u00e4nnens anh\u00f6riga \u00e4r underr\u00e4ttade.<\/p>\n<p>Omni \u00e4r politiskt obundna och oberoende. Vi str\u00e4var efter att ge fler perspektiv p\u00e5 nyheterna. Har du fr\u00e5gor eller synpunkter kring v\u00e5r rapportering? <a href=\"https:\/\/omni.se\/man-dod-fick-fallande-trad-over-sig-i-stormen\/a\/mailto:redaktion@omni.se\" class=\"ArticleActions_contactLink__W2F1M\" rel=\"nofollow noopener\" target=\"_blank\">Kontakta redaktionen<\/a><\/p>\n","protected":false},"excerpt":{"rendered":"Av Joel Malm\u00e9nPublicerad 27 december, 16:32. Uppdaterad 27 december, 20:16 Tv\u00e5 m\u00e4n har d\u00f6tt efter att ha f\u00e5tt&hellip;\n","protected":false},"author":2,"featured_media":118711,"comment_status":"","ping_status":"","sticky":false,"template":"","format":"standard","meta":{"footnotes":""},"categories":[5],"tags":[22,23,26,27,818,2885,17,21,12699,24,25,28,29,15,16,18,5522,34,31,33,32,30,19,20,693,2883],"class_list":{"0":"post-118710","1":"post","2":"type-post","3":"status-publish","4":"format-standard","5":"has-post-thumbnail","7":"category-rubriker","8":"tag-breaking-news","9":"tag-breakingnews","10":"tag-featured-news","11":"tag-featurednews","12":"tag-gavleborgs-lan","13":"tag-harnosand","14":"tag-headlines","15":"tag-huvudnyheter","16":"tag-jarvso","17":"tag-latest-news","18":"tag-latestnews","19":"tag-main-news","20":"tag-mainnews","21":"tag-news","22":"tag-nyheter","23":"tag-rubriker","24":"tag-sandviken","25":"tag-se","26":"tag-svenska","27":"tag-sverige","28":"tag-sweden","29":"tag-swedish","30":"tag-top-stories","31":"tag-topstories","32":"tag-vader","33":"tag-vasternorrlands-lan"},"share_on_mastodon":{"url":"https:\/\/pubeurope.com\/@se\/115793264803226709","error":""},"_links":{"self":[{"href":"https:\/\/www.europesays.com\/se\/wp-json\/wp\/v2\/posts\/118710","targetHints":{"allow":["GET"]}}],"collection":[{"href":"https:\/\/www.europesays.com\/se\/wp-json\/wp\/v2\/posts"}],"about":[{"href":"https:\/\/www.europesays.com\/se\/wp-json\/wp\/v2\/types\/post"}],"author":[{"embeddable":true,"href":"https:\/\/www.europesays.com\/se\/wp-json\/wp\/v2\/users\/2"}],"replies":[{"embeddable":true,"href":"https:\/\/www.europesays.com\/se\/wp-json\/wp\/v2\/comments?post=118710"}],"version-history":[{"count":0,"href":"https:\/\/www.europesays.com\/se\/wp-json\/wp\/v2\/posts\/118710\/revisions"}],"wp:featuredmedia":[{"embeddable":true,"href":"https:\/\/www.europesays.com\/se\/wp-json\/wp\/v2\/media\/118711"}],"wp:attachment":[{"href":"https:\/\/www.europesays.com\/se\/wp-json\/wp\/v2\/media?parent=118710"}],"wp:term":[{"taxonomy":"category","embeddable":true,"href":"https:\/\/www.europesays.com\/se\/wp-json\/wp\/v2\/categories?post=118710"},{"taxonomy":"post_tag","embeddable":true,"href":"https:\/\/www.europesays.com\/se\/wp-json\/wp\/v2\/tags?post=118710"}],"curies":[{"name":"wp","href":"https:\/\/api.w.org\/{rel}","templated":true}]}}