{"id":118716,"date":"2025-12-27T19:56:20","date_gmt":"2025-12-27T19:56:20","guid":{"rendered":"https:\/\/www.europesays.com\/se\/118716\/"},"modified":"2025-12-27T19:56:20","modified_gmt":"2025-12-27T19:56:20","slug":"varlden-2026-experterna-ingen-stoppar-omstallningen-di","status":"publish","type":"post","link":"https:\/\/www.europesays.com\/se\/118716\/","title":{"rendered":"V\u00e4rlden 2026: Experterna: \u201dIngen stoppar omst\u00e4llningen\u201d &#8211; DI"},"content":{"rendered":"<ol>\n<li><a href=\"https:\/\/news.google.com\/rss\/articles\/CBMihAFBVV95cUxOeWdEcGFONUJBbkRiYzNHX090UGZTS0dSRXVRNU5GTl8xeUwwU0JKNXZOMzRfc2FSXzRjZE1rTHNmX3c5aTVXekpuM2QtRTZjUllCeHM1blhONTVoODBfVDd6LTVCSmxmZ1JIdTJiNkUxSjVkVE11QmtSTnY3VHU4S2ZCQnI?oc=5\" target=\"_blank\" rel=\"nofollow noopener\">V\u00e4rlden 2026: Experterna: \u201dIngen stoppar omst\u00e4llningen\u201d<\/a>&nbsp;&nbsp;DI<\/li>\n<li><a href=\"https:\/\/news.google.com\/rss\/articles\/CBMiiAFBVV95cUxOeVRCck9meldSQU5ubnI3Y2JxQWpfX2hvZnpfdkdIUFNhU2k0RnB2LUJVN1draDU0Tk0xaWxEelRQM3lXSHF2VkJJcFlUSFdJeXZvNGtDWnhKTU42NXZWUDI0ekdJc2xZXzlOdVVUakIxX2xGMjVyOFVNeDhwZ0tWeks1aVhHU2Vf?oc=5\" target=\"_blank\" rel=\"nofollow noopener\">Olof Manner: Optimism p\u00e5 hemmaplan inf\u00f6r 2026<\/a>&nbsp;&nbsp;Aff\u00e4rsv\u00e4rlden<\/li>\n<li><a href=\"https:\/\/news.google.com\/rss\/articles\/CBMiowFBVV95cUxPdXA2NWh0bTBJTTJ3YWxXQXl3Nm5ueXNyNTM1Zm5KR2NOaXV1c2dnRHd4dzN0NUlJVjg0YTM0WnBVYkp0X1R2T25feVRIVVVqUG5UaDQ0TXVld2ZrU2QxOGVBQk01LUFHNjJ3cWlnM3Nnc0UtSlc3RFAxdFpISVBWQ3R1RGFfMnFtRE1HSUpncFdZeG5LeDgwTDY1dVVUWHpKWUJB?oc=5\" target=\"_blank\" rel=\"nofollow noopener\">Fr\u00e5n hajp till ansvar: Realtids \u00f6nskelista till Sverige 2026<\/a>&nbsp;&nbsp;Realtid<\/li>\n<li><a href=\"https:\/\/news.google.com\/rss\/articles\/CBMikgFBVV95cUxNdGwtcXpIeGxscVRtSVJtZ3FvZFJIWVY1XzlCNUpTRzlJeW91SXZjQ0FmM1c1S3JpbmYtOUlVTWhSSllTTVYybkR0bnp2M2Mxa1l1RVpLMUl0T0Jfd21XQThHZ1VfTXMtMDJHT1V6cXZwcjlRWlJVbnJZczdpc0VUVTRNSnNBbzRMRDQycWpGaGc4dw?oc=5\" target=\"_blank\" rel=\"nofollow noopener\">Experter tror inte att Trump kommer stoppa omst\u00e4llningen<\/a>&nbsp;&nbsp;Omni Ekonomi<\/li>\n<li><a href=\"https:\/\/news.google.com\/rss\/articles\/CBMijgFBVV95cUxOR09aMDdvWGY4LUxCT1Z4NW4zdmpYWHhOaXluSXBqQlE0OXdTOHd1ZENabmlSbDZrRDFGN1pyM0lMX0ZlY1BnZ2lGMnZPMnR2VWszSkxTcFdWd0w5NGlkcjd4b3h5NEFvU2tta2ZHRnN3Z19pV2REWktUdjV5cGR2X1dpT184X1RUcm1QN0hB?oc=5\" target=\"_blank\" rel=\"nofollow noopener\">S\u00e5 kan bostadsr\u00e4tterna bli en motor i klimatomst\u00e4llningen<\/a>&nbsp;&nbsp;Byggv\u00e4rlden<\/li>\n<\/ol>\n","protected":false},"excerpt":{"rendered":"V\u00e4rlden 2026: Experterna: \u201dIngen stoppar omst\u00e4llningen\u201d&nbsp;&nbsp;DI Olof Manner: Optimism p\u00e5 hemmaplan inf\u00f6r 2026&nbsp;&nbsp;Aff\u00e4rsv\u00e4rlden Fr\u00e5n hajp till ansvar: Realtids&hellip;\n","protected":false},"author":2,"featured_media":118717,"comment_status":"","ping_status":"","sticky":false,"template":"","format":"standard","meta":{"footnotes":""},"categories":[5],"tags":[22,23,26,27,17,21,24,25,28,29,15,16,18,34,31,33,32,30,19,20],"class_list":{"0":"post-118716","1":"post","2":"type-post","3":"status-publish","4":"format-standard","5":"has-post-thumbnail","7":"category-rubriker","8":"tag-breaking-news","9":"tag-breakingnews","10":"tag-featured-news","11":"tag-featurednews","12":"tag-headlines","13":"tag-huvudnyheter","14":"tag-latest-news","15":"tag-latestnews","16":"tag-main-news","17":"tag-mainnews","18":"tag-news","19":"tag-nyheter","20":"tag-rubriker","21":"tag-se","22":"tag-svenska","23":"tag-sverige","24":"tag-sweden","25":"tag-swedish","26":"tag-top-stories","27":"tag-topstories"},"share_on_mastodon":{"url":"https:\/\/pubeurope.com\/@se\/115793296304391907","error":""},"_links":{"self":[{"href":"https:\/\/www.europesays.com\/se\/wp-json\/wp\/v2\/posts\/118716","targetHints":{"allow":["GET"]}}],"collection":[{"href":"https:\/\/www.europesays.com\/se\/wp-json\/wp\/v2\/posts"}],"about":[{"href":"https:\/\/www.europesays.com\/se\/wp-json\/wp\/v2\/types\/post"}],"author":[{"embeddable":true,"href":"https:\/\/www.europesays.com\/se\/wp-json\/wp\/v2\/users\/2"}],"replies":[{"embeddable":true,"href":"https:\/\/www.europesays.com\/se\/wp-json\/wp\/v2\/comments?post=118716"}],"version-history":[{"count":0,"href":"https:\/\/www.europesays.com\/se\/wp-json\/wp\/v2\/posts\/118716\/revisions"}],"wp:featuredmedia":[{"embeddable":true,"href":"https:\/\/www.europesays.com\/se\/wp-json\/wp\/v2\/media\/118717"}],"wp:attachment":[{"href":"https:\/\/www.europesays.com\/se\/wp-json\/wp\/v2\/media?parent=118716"}],"wp:term":[{"taxonomy":"category","embeddable":true,"href":"https:\/\/www.europesays.com\/se\/wp-json\/wp\/v2\/categories?post=118716"},{"taxonomy":"post_tag","embeddable":true,"href":"https:\/\/www.europesays.com\/se\/wp-json\/wp\/v2\/tags?post=118716"}],"curies":[{"name":"wp","href":"https:\/\/api.w.org\/{rel}","templated":true}]}}