{"id":118720,"date":"2025-12-27T20:04:09","date_gmt":"2025-12-27T20:04:09","guid":{"rendered":"https:\/\/www.europesays.com\/se\/118720\/"},"modified":"2025-12-27T20:04:09","modified_gmt":"2025-12-27T20:04:09","slug":"ssk-krossade-aik-pa-hovet","status":"publish","type":"post","link":"https:\/\/www.europesays.com\/se\/118720\/","title":{"rendered":"SSK krossade AIK p\u00e5 Hovet"},"content":{"rendered":"<p><a data-test-tag=\"internal-link\" href=\"https:\/\/www.aftonbladet.se\/av\/viktoria-bjorklof\" class=\"hyperion-css-13ns1rr\" rel=\"nofollow noopener\" target=\"\" aria-label=\"Se alla artiklar av Viktoria Bj\u00f6rkl\u00f6f\"><img decoding=\"async\" class=\"image-asset hyperion-css-n6kkq1\" data-test-tag=\"image-asset\" src=\"https:\/\/www.europesays.com\/se\/wp-content\/uploads\/2025\/12\/1766865848_309_1451f1a9-65d4-4311-b16d-fd619a2326e7\"  alt=\"\"  loading=\"lazy\" fetchpriority=\"auto\" style=\"aspect-ratio:1900 \/ 1900\"\/><\/a><\/p>\n<p class=\"boxtextgrotesk-root_baa6 hyperion-css-1w346fg\">Uppdaterad 20.54 | Publicerad 20.51<\/p>\n<p>share-arrowDela<\/p>\n<p>unsaveSpara<\/p>\n<p>Lyssna p\u00e5 artikelnLyssna p\u00e5&#8230;<\/p>\n<p>expand-left<\/p>\n<p>helsk\u00e4rm<img decoding=\"async\" class=\"image-asset hyperion-css-u06ts1\" data-test-tag=\"image-asset\" src=\"https:\/\/www.europesays.com\/se\/wp-content\/uploads\/2025\/12\/ce9a97ab-4aac-4d3e-912a-7880c5456afc\"  alt=\"\"  loading=\"eager\" fetchpriority=\"high\" style=\"aspect-ratio:1900 \/ 1267\"\/> Foto: Kenta J\u00f6nsson \/ Bildbyr\u00e5n<\/p>\n<p class=\"hyperion-css-1shl3oz\" data-test-tag=\"lead-text\">AIK verkar inte hunnit sm\u00e4lta julmaten \u00e4n.<\/p>\n<p class=\"hyperion-css-1shl3oz\" data-test-tag=\"lead-text\">P\u00e5 Hovet blev man \u00f6verk\u00f6rda av SSK.<\/p>\n<p class=\"hyperion-css-1shl3oz\" data-test-tag=\"lead-text\">\u2013 Julskinkan ska vara borta vid det h\u00e4r laget, s\u00e4ger Ludwig Blomstrand till Tv4.<\/p>\n<p class=\"hyperion-css-1v9qo5x\"><a data-test-tag=\"internal-link\" href=\"https:\/\/www.aftonbladet.se\/sportbladet\/a\/n1aV9B\/skjuter-upp-matchen-tommer-bortasektionen\" class=\"hyperion-css-15jkft9\" rel=\"nofollow noopener\" target=\"\" aria-label=\"Efter en f\u00f6rdr\u00f6jd matchstart \" theme=\"sportbladet\">Efter en f\u00f6rdr\u00f6jd matchstart <\/a>blev uppladdningen lite annorlunda f\u00f6r spelarna inf\u00f6r 08-derbyt under l\u00f6rdagskv\u00e4llen.<\/p>\n<p class=\"hyperion-css-1v9qo5x\">Kanske var det till S\u00f6dert\u00e4ljes f\u00f6rdel. Bortalaget fullkomligt krossade AIK p\u00e5 Hovet och besegrade hemmalaget med 6\u20132.<\/p>\n<p class=\"hyperion-css-1v9qo5x\">\u2013 Man kan prata om att det varit julledigt, f\u00f6r s\u00e5 h\u00e4r slarvigt som AIK \u00e4r idag har jag inte sett f\u00f6rut, s\u00e4ger Tv4:s expert Fredrik S\u00f6derstr\u00f6m i deras s\u00e4ndning.<\/p>\n<p class=\"hyperion-css-1v9qo5x\">Adam Hasselvall gjorde sitt f\u00f6rsta m\u00e5l hockeyallsvenskan efter fint samarbete med Carter Ashton som ocks\u00e5 gav SSK ledningen genom 2\u20131 i den f\u00f6rsta perioden.<\/p>\n<p class=\"hyperion-css-1v9qo5x\">\u2013 Det var bra klappklapp d\u00e4r med Ashton, s\u00e4ger Hasselvall till Tv4 inf\u00f6r de sista tjugo och forts\u00e4tter:<\/p>\n<p class=\"hyperion-css-1v9qo5x\">\u2013 Jag tycker vi k\u00f6r \u00f6ver dem den h\u00e4r perioden.<\/p>\n<p class=\"hyperion-css-1v9qo5x\">S\u00f6dert\u00e4lje som inf\u00f6r matchen kom med tv\u00e5 raka f\u00f6rluster fick ett sk\u00f6nt trendbrott och stannar p\u00e5 \u00e5ttonde plats i tabellen.<\/p>\n<p>Uppskjuten matchstart<\/p>\n<p class=\"hyperion-css-1v9qo5x\">Matchen som skulle haft nedsl\u00e4pp 18:00 dr\u00f6jde \u00f6ver 20 minuter innan den bl\u00e5stes ig\u00e5ng.<\/p>\n<p class=\"hyperion-css-1v9qo5x\">Anledning var pyroteknik i S\u00f6dert\u00e4ljeklacken som tvingade ordningsvakter att t\u00f6mma hela sektionen och omvisitera publiken innan drabbningen kunde starta.<\/p>\n<p class=\"hyperion-css-1v9qo5x\">\u2013 Man var redo p\u00e5 att det skulle dra ig\u00e5ng och nu \u00e4r det inte s\u00e5. Man f\u00e5r anpassa sig, g\u00f6ra det b\u00e4sta av situationen, sade AIK:s lagkapten Oscar Nord till Tv4 d\u00e5.<\/p>\n<p class=\"hyperion-css-1v9qo5x\">Bevisligen var det SSK som lyckades b\u00e4st med att t\u00e4nda om.<\/p>\n<p class=\"hyperion-css-1v9qo5x\">AIK m\u00f6ter Karlskoga h\u00e4rn\u00e4st.<\/p>\n<p>H\u00e4ndelserInb\u00f6rdes m\u00f6ten5 senasteTabell<\/p>\n<p>Arena: Hovet<\/p>\n<ul class=\"eventperiod-eventList_faaa\">\n<li class=\"eventrow-eventRow_630f\">\n<p>1&#8242;<\/p>\n<p>F. Windlert <b>W. Wi\u00e5\u00a0(0-1)\u00a0<\/b><\/p>\n<\/li>\n<li class=\"eventrow-eventRow_630f\">\n<p>8&#8242;<\/p>\n<\/li>\n<li class=\"eventrow-eventRow_630f\">\n<p>S. \u00c5kerstr\u00f6m <b>L. Blomstrand\u00a0(1-1)\u00a0<\/b><\/p>\n<p>9&#8242;<\/p>\n<\/li>\n<li class=\"eventrow-eventRow_630f\">\n<p>13&#8242;<\/p>\n<p>F. Engar\u00e5s <b>C. Ashton\u00a0(1-2)\u00a0<\/b><\/p>\n<\/li>\n<li class=\"eventrow-eventRow_630f\">\n<p>18&#8242;<\/p>\n<\/li>\n<\/ul>\n<ul class=\"eventperiod-eventList_faaa\">\n<li class=\"eventrow-eventRow_630f\">\n<p>23&#8242;<\/p>\n<\/li>\n<li class=\"eventrow-eventRow_630f\">\n<p>28&#8242;<\/p>\n<p>C. Ashton <b>A. Hesselvall\u00a0(1-3)\u00a0<\/b><\/p>\n<\/li>\n<li class=\"eventrow-eventRow_630f\">\n<p>O. Nord <b>O. Magnusson\u00a0(2-4)\u00a0<\/b><\/p>\n<p>32&#8242;<\/p>\n<p>W. Wi\u00e5 <b>N. Arell\u00a0(1-4)\u00a0<\/b><\/p>\n<\/li>\n<li class=\"eventrow-eventRow_630f\">\n<p>34&#8242;<\/p>\n<p>H. Eriksson <b>P. Zackrisson\u00a0(2-5)\u00a0<\/b><\/p>\n<\/li>\n<\/ul>\n<ul class=\"eventperiod-eventList_faaa\">\n<li class=\"eventrow-eventRow_630f\">\n<p>42&#8242;<\/p>\n<p>A. Hesselvall <b>F. Engar\u00e5s\u00a0(2-6)\u00a0<\/b><\/p>\n<\/li>\n<li class=\"eventrow-eventRow_630f\">\n<p>49&#8242;<\/p>\n<\/li>\n<\/ul>\n<p><a class=\"default eventsummary-followLink_0f93 hyperion-css-1u8qly9\" href=\"https:\/\/malservice.aftonbladet.se\/match\/_\/699140\/rapport\" target=\"_blank\" rel=\"noopener noreferrer nofollow\" data-test-tag=\"external-link\">L\u00e4s mer p\u00e5 M\u00e5lservicechevron-right<\/a><\/p>\n","protected":false},"excerpt":{"rendered":"Uppdaterad 20.54 | Publicerad 20.51 share-arrowDela unsaveSpara Lyssna p\u00e5 artikelnLyssna p\u00e5&#8230; expand-left helsk\u00e4rm Foto: Kenta J\u00f6nsson \/ Bildbyr\u00e5n&hellip;\n","protected":false},"author":2,"featured_media":118721,"comment_status":"","ping_status":"","sticky":false,"template":"","format":"standard","meta":{"footnotes":""},"categories":[5],"tags":[22,23,26,27,17,21,24,25,28,29,15,16,18,34,31,33,32,30,19,20],"class_list":{"0":"post-118720","1":"post","2":"type-post","3":"status-publish","4":"format-standard","5":"has-post-thumbnail","7":"category-rubriker","8":"tag-breaking-news","9":"tag-breakingnews","10":"tag-featured-news","11":"tag-featurednews","12":"tag-headlines","13":"tag-huvudnyheter","14":"tag-latest-news","15":"tag-latestnews","16":"tag-main-news","17":"tag-mainnews","18":"tag-news","19":"tag-nyheter","20":"tag-rubriker","21":"tag-se","22":"tag-svenska","23":"tag-sverige","24":"tag-sweden","25":"tag-swedish","26":"tag-top-stories","27":"tag-topstories"},"share_on_mastodon":{"url":"https:\/\/pubeurope.com\/@se\/115793327952135017","error":""},"_links":{"self":[{"href":"https:\/\/www.europesays.com\/se\/wp-json\/wp\/v2\/posts\/118720","targetHints":{"allow":["GET"]}}],"collection":[{"href":"https:\/\/www.europesays.com\/se\/wp-json\/wp\/v2\/posts"}],"about":[{"href":"https:\/\/www.europesays.com\/se\/wp-json\/wp\/v2\/types\/post"}],"author":[{"embeddable":true,"href":"https:\/\/www.europesays.com\/se\/wp-json\/wp\/v2\/users\/2"}],"replies":[{"embeddable":true,"href":"https:\/\/www.europesays.com\/se\/wp-json\/wp\/v2\/comments?post=118720"}],"version-history":[{"count":0,"href":"https:\/\/www.europesays.com\/se\/wp-json\/wp\/v2\/posts\/118720\/revisions"}],"wp:featuredmedia":[{"embeddable":true,"href":"https:\/\/www.europesays.com\/se\/wp-json\/wp\/v2\/media\/118721"}],"wp:attachment":[{"href":"https:\/\/www.europesays.com\/se\/wp-json\/wp\/v2\/media?parent=118720"}],"wp:term":[{"taxonomy":"category","embeddable":true,"href":"https:\/\/www.europesays.com\/se\/wp-json\/wp\/v2\/categories?post=118720"},{"taxonomy":"post_tag","embeddable":true,"href":"https:\/\/www.europesays.com\/se\/wp-json\/wp\/v2\/tags?post=118720"}],"curies":[{"name":"wp","href":"https:\/\/api.w.org\/{rel}","templated":true}]}}