{"id":118724,"date":"2025-12-27T20:12:10","date_gmt":"2025-12-27T20:12:10","guid":{"rendered":"https:\/\/www.europesays.com\/se\/118724\/"},"modified":"2025-12-27T20:12:10","modified_gmt":"2025-12-27T20:12:10","slug":"aston-villa-sankte-chelsea-ollie-watkins-stor-hjalte","status":"publish","type":"post","link":"https:\/\/www.europesays.com\/se\/118724\/","title":{"rendered":"Aston Villa s\u00e4nkte Chelsea \u2013 Ollie Watkins stor hj\u00e4lte"},"content":{"rendered":"<p>\u00c5ttonde raka ligasegern<a data-test-tag=\"internal-link\" href=\"https:\/\/www.aftonbladet.se\/av\/sebastian-luuk\" class=\"hyperion-css-13ns1rr\" rel=\"nofollow noopener\" target=\"\" aria-label=\"Se alla artiklar av Sebastian Luuk\"><img decoding=\"async\" class=\"image-asset hyperion-css-n6kkq1\" data-test-tag=\"image-asset\" src=\"https:\/\/www.europesays.com\/se\/wp-content\/uploads\/2025\/12\/1766866329_356_7880ed3d-dabd-4b99-9571-acf16c8f31e9\"  alt=\"\"  loading=\"lazy\" fetchpriority=\"auto\" style=\"aspect-ratio:1900 \/ 1900\"\/><\/a><\/p>\n<p class=\"boxtextgrotesk-root_baa6 hyperion-css-1w346fg\">Uppdaterad 20.57 | Publicerad 20.24<\/p>\n<p>share-arrowDela<\/p>\n<p>unsaveSpara<\/p>\n<p>Lyssna p\u00e5 artikelnLyssna p\u00e5&#8230;<\/p>\n<p class=\"hyperion-css-1shl3oz\" data-test-tag=\"lead-text\">Ollie Watkins, 29, stod f\u00f6r ett succ\u00e9inhopp p\u00e5 Stamford Bridge.<\/p>\n<p class=\"hyperion-css-1shl3oz\" data-test-tag=\"lead-text\">Anfallaren gjorde tv\u00e5 m\u00e5l n\u00e4r Aston Villa v\u00e4nde och vann.<\/p>\n<p class=\"hyperion-css-1shl3oz\" data-test-tag=\"lead-text\">D\u00e4rmed f\u00f6rl\u00e4ngs Villas imponerande segersvit.<\/p>\n<p class=\"hyperion-css-1v9qo5x\">Joao Pedro gav Chelsea ledningen i den f\u00f6rsta halvleken.<\/p>\n<p class=\"hyperion-css-1v9qo5x\">Men Aston Villa, och framf\u00f6r allt Ollie Watkins, ville annorlunda.<\/p>\n<p class=\"hyperion-css-1v9qo5x\">Efter knappa timmen byttes anfallaren in, och bara minuter senare kvitterade han. I den 84:e minuten kom sedan segerm\u00e5let, efter att Watkins nickat in en h\u00f6rna.<\/p>\n<p class=\"hyperion-css-1v9qo5x\">Villa vann med 2\u20131.<\/p>\n<p>F\u00f6rl\u00e4nger segersviten<\/p>\n<p class=\"hyperion-css-1v9qo5x\">Aston Villa har just nu en galen segersvit i <a data-test-tag=\"internal-link\" href=\"https:\/\/www.aftonbladet.se\/tagg\/premier-league\" class=\"hyperion-css-15jkft9\" rel=\"nofollow noopener\" target=\"\" aria-label=\"Premier League\" theme=\"sportbladet\">Premier League<\/a>.<\/p>\n<p class=\"hyperion-css-1v9qo5x\">L\u00f6rdagens trepo\u00e4ngare mot Chelsea var den \u00e5ttonde raka i ligaspelet.<\/p>\n<p class=\"hyperion-css-1v9qo5x\">Det var dessutom den elfte raka segern i alla t\u00e4vlingar.<\/p>\n<p class=\"hyperion-css-1v9qo5x\">Villa ligger fortsatt trea i Premier League, tre po\u00e4ng bakom serieledaren Arsenal. Chelsea ligger femma.<\/p>\n<p class=\"hyperion-css-1v9qo5x\">Victor Nilsson Lindel\u00f6f spelade hela matchen i Aston Villas backlinje.<\/p>\n<p>expand-left<\/p>\n<p>helsk\u00e4rm<img decoding=\"async\" class=\"image-asset hyperion-css-u06ts1\" data-test-tag=\"image-asset\" src=\"https:\/\/www.europesays.com\/se\/wp-content\/uploads\/2025\/12\/844d5933-70a3-41bb-9e9c-85ba70d6eb97\"  alt=\"\"  loading=\"eager\" fetchpriority=\"high\" style=\"aspect-ratio:1900 \/ 1267\"\/> Foto: Steve Bardens \/ Getty ImagesH\u00e4ndelserInb\u00f6rdes m\u00f6ten5 senasteLaguppst\u00e4llningTabell<\/p>\n<p>Arena: Stamford BridgeDomare: Stuart Attwell<\/p>\n<ul class=\"eventperiod-eventList_faaa\">\n<li class=\"eventrow-eventRow_630f\">\n<p>30&#8242;<\/p>\n<\/li>\n<li class=\"eventrow-eventRow_630f\">\n<p>R. James <b>Jo\u00e3o Pedro\u00a0(1-0)\u00a0<\/b><\/p>\n<p>37&#8242;<\/p>\n<\/li>\n<\/ul>\n<ul class=\"eventperiod-eventList_faaa\">\n<li class=\"eventrow-eventRow_630f\">\n<p>57&#8242;<\/p>\n<\/li>\n<li class=\"eventrow-eventRow_630f\">\n<p>58&#8242;<\/p>\n<\/li>\n<li class=\"eventrow-eventRow_630f\">\n<p>59&#8242;<\/p>\n<\/li>\n<li class=\"eventrow-eventRow_630f\">\n<p>63&#8242;<\/p>\n<\/li>\n<li class=\"eventrow-eventRow_630f\">\n<p>68&#8242;<\/p>\n<\/li>\n<li class=\"eventrow-eventRow_630f\">\n<p>69&#8242;<\/p>\n<\/li>\n<li class=\"eventrow-eventRow_630f\">\n<p>71&#8242;<\/p>\n<\/li>\n<li class=\"eventrow-eventRow_630f\">\n<p>72&#8242;<\/p>\n<\/li>\n<li class=\"eventrow-eventRow_630f\">\n<p>78&#8242;<\/p>\n<\/li>\n<li class=\"eventrow-eventRow_630f\">\n<p>82&#8242;<\/p>\n<\/li>\n<li class=\"eventrow-eventRow_630f\">\n<p>83&#8242;<\/p>\n<\/li>\n<li class=\"eventrow-eventRow_630f\">\n<p>84&#8242;<\/p>\n<p>Y. Tielemans <b>O. Watkins\u00a0(1-2)\u00a0<\/b><\/p>\n<\/li>\n<li class=\"eventrow-eventRow_630f\">\n<p>90&#8217;+4<\/p>\n<\/li>\n<\/ul>\n<p><a class=\"default eventsummary-followLink_0f93 hyperion-css-1u8qly9\" href=\"https:\/\/malservice.aftonbladet.se\/match\/_\/699442\/rapport\" target=\"_blank\" rel=\"noopener noreferrer nofollow\" data-test-tag=\"external-link\">L\u00e4s mer p\u00e5 M\u00e5lservicechevron-right<\/a><\/p>\n","protected":false},"excerpt":{"rendered":"\u00c5ttonde raka ligasegern Uppdaterad 20.57 | Publicerad 20.24 share-arrowDela unsaveSpara Lyssna p\u00e5 artikelnLyssna p\u00e5&#8230; Ollie Watkins, 29, stod&hellip;\n","protected":false},"author":2,"featured_media":118725,"comment_status":"","ping_status":"","sticky":false,"template":"","format":"standard","meta":{"footnotes":""},"categories":[5],"tags":[22,23,26,27,17,21,24,25,28,29,15,16,18,34,31,33,32,30,19,20],"class_list":{"0":"post-118724","1":"post","2":"type-post","3":"status-publish","4":"format-standard","5":"has-post-thumbnail","7":"category-rubriker","8":"tag-breaking-news","9":"tag-breakingnews","10":"tag-featured-news","11":"tag-featurednews","12":"tag-headlines","13":"tag-huvudnyheter","14":"tag-latest-news","15":"tag-latestnews","16":"tag-main-news","17":"tag-mainnews","18":"tag-news","19":"tag-nyheter","20":"tag-rubriker","21":"tag-se","22":"tag-svenska","23":"tag-sverige","24":"tag-sweden","25":"tag-swedish","26":"tag-top-stories","27":"tag-topstories"},"share_on_mastodon":{"url":"https:\/\/pubeurope.com\/@se\/115793359337956836","error":""},"_links":{"self":[{"href":"https:\/\/www.europesays.com\/se\/wp-json\/wp\/v2\/posts\/118724","targetHints":{"allow":["GET"]}}],"collection":[{"href":"https:\/\/www.europesays.com\/se\/wp-json\/wp\/v2\/posts"}],"about":[{"href":"https:\/\/www.europesays.com\/se\/wp-json\/wp\/v2\/types\/post"}],"author":[{"embeddable":true,"href":"https:\/\/www.europesays.com\/se\/wp-json\/wp\/v2\/users\/2"}],"replies":[{"embeddable":true,"href":"https:\/\/www.europesays.com\/se\/wp-json\/wp\/v2\/comments?post=118724"}],"version-history":[{"count":0,"href":"https:\/\/www.europesays.com\/se\/wp-json\/wp\/v2\/posts\/118724\/revisions"}],"wp:featuredmedia":[{"embeddable":true,"href":"https:\/\/www.europesays.com\/se\/wp-json\/wp\/v2\/media\/118725"}],"wp:attachment":[{"href":"https:\/\/www.europesays.com\/se\/wp-json\/wp\/v2\/media?parent=118724"}],"wp:term":[{"taxonomy":"category","embeddable":true,"href":"https:\/\/www.europesays.com\/se\/wp-json\/wp\/v2\/categories?post=118724"},{"taxonomy":"post_tag","embeddable":true,"href":"https:\/\/www.europesays.com\/se\/wp-json\/wp\/v2\/tags?post=118724"}],"curies":[{"name":"wp","href":"https:\/\/api.w.org\/{rel}","templated":true}]}}