{"id":118728,"date":"2025-12-27T20:20:08","date_gmt":"2025-12-27T20:20:08","guid":{"rendered":"https:\/\/www.europesays.com\/se\/118728\/"},"modified":"2025-12-27T20:20:08","modified_gmt":"2025-12-27T20:20:08","slug":"just-nu-trad-over-vagen-paverkar-trafiken-pa-vag-664-unt","status":"publish","type":"post","link":"https:\/\/www.europesays.com\/se\/118728\/","title":{"rendered":"Just nu: Tr\u00e4d \u00f6ver v\u00e4gen p\u00e5verkar trafiken p\u00e5 v\u00e4g 664 &#8211; UNT"},"content":{"rendered":"<ol>\n<li><a href=\"https:\/\/news.google.com\/rss\/articles\/CBMirwFBVV95cUxPYTNxRkc4cGlBVk44b3RYd3FpMHY2WmVScUxKNUFETjdhdTBHajBncmplMC1BS3hXWXo2REpDaENSd3IwZzItbVIxdkhSWW03RktYUWVGWlFac0w3cWhFb2tlbGF4X2hnVkN3Sk4zWkljc1dSdWhKY0N5MURFYXQ0cTJkcFhoMlVHblA0OE5fS0NqZzRuNE1tbVYzbC1rdlNQd0RobjluZHF6Qjdsdm1Z?oc=5\" target=\"_blank\" rel=\"nofollow noopener\">Just nu: Tr\u00e4d \u00f6ver v\u00e4gen p\u00e5verkar trafiken p\u00e5 v\u00e4g 664<\/a>&nbsp;&nbsp;UNT<\/li>\n<li><a href=\"https:\/\/news.google.com\/rss\/articles\/CBMiqgFBVV95cUxOUUJRb0M2emJRSTFpTlhCMldGSHF1QzdaZHZ5bEd0R2c1Q2FQWjJnNFRJT3NXcEpwZXYtNVo4QXJ5UHVuUHZfaXhZWjNlZVdLalVLa0VfVkh1YWRzX0JIY2EzeW9Zb3ZnMXBkX3B0LWctWVdkSnVMd2xuMEJGalUzcDNuVUwzZ1dGQjF6MEh3dkR0SjMtdDN6b0lKZm5aOXFTZG5heUJiU3RyQQ?oc=5\" target=\"_blank\" rel=\"nofollow noopener\">Tr\u00e4d \u00f6ver v\u00e4gen p\u00e5verkar trafiken p\u00e5 v\u00e4g 95<\/a>&nbsp;&nbsp;Norran<\/li>\n<li><a href=\"https:\/\/news.google.com\/rss\/articles\/CBMitwFBVV95cUxPOFh1T0JRRHhkMER3aDBHU2tJblQ1MF8zdE5tVnBMc3k3a3ZSVW43b3JLR2JzR0RmNXJCR3d6THpFUHlqUkNDYnZld2F1d0J3V200dGgzbUtFLW01cEVxa3BnYmt3WE1DY3ZGVXl5bEU1VUJabTNrMTcxUko5bFQ4cEVOS09kTnBSTUhUdUdfRF9meWV0RmNrU0RfRzI0WFRQc1ZUWnlKb1NRYS1kMC1vRjVyTnhTSEE?oc=5\" target=\"_blank\" rel=\"nofollow noopener\">Just nu: Problem i trafiken efter nedfallna tr\u00e4d p\u00e5 v\u00e4g 654<\/a>&nbsp;&nbsp;UNT<\/li>\n<li><a href=\"https:\/\/news.google.com\/rss\/articles\/CBMisAFBVV95cUxQekxIZ0FtQkRxemNmZ0xRclBRSEdsTVRCY3o0QXhUeWJLRzdEV1kzQWV2aUlwZ3VmV3pvVmQwUTcxcDhJZ0JSLW9pVlBoVDZyWkpyajRpdUQ3TUZ1cWFXYW1oUFBVNjJfZk9oeXF2NWQ2R0UtVUp4dDlZdG1VenZsbWhVY0pSMU5mSkxhMndlX185TWVNenJuVkhiSF9DS3ViZnFrampNVnBMUWI3Z3RWaQ?oc=5\" target=\"_blank\" rel=\"nofollow noopener\">Just nu: Tr\u00e4d \u00f6ver v\u00e4gen p\u00e5verkar trafiken p\u00e5 v\u00e4g 141<\/a>&nbsp;&nbsp;Helagotland<\/li>\n<li><a href=\"https:\/\/news.google.com\/rss\/articles\/CBMivgFBVV95cUxQY2RwQzBWQU1wRlhXZnk5UkQwakNxVmZvMzVzUGhaM3JGSlExTW5NNHBFTzZjdWxlMDY2endZWTA3aE9zS09qOGJVaEtPRnI5X2EyNk9UZUZoR01VM2dFZTY2a0lrU2dpQ1pkUEFtdkRvVXA4RlNCS2RfWFBYbGFKNWU1RHJTS1N6OG1XdFdJb0ZxeUdBeXhxNEswTC0yVzZSODJPM09CT0dYdUVkS1EyMVJvVll2VEJpMEpsMHF3?oc=5\" target=\"_blank\" rel=\"nofollow noopener\">Just nu: Problem i trafiken efter nedfallna tr\u00e4d p\u00e5 v\u00e4g 95<\/a>&nbsp;&nbsp;Kuriren<\/li>\n<\/ol>\n","protected":false},"excerpt":{"rendered":"Just nu: Tr\u00e4d \u00f6ver v\u00e4gen p\u00e5verkar trafiken p\u00e5 v\u00e4g 664&nbsp;&nbsp;UNT Tr\u00e4d \u00f6ver v\u00e4gen p\u00e5verkar trafiken p\u00e5 v\u00e4g 95&nbsp;&nbsp;Norran&hellip;\n","protected":false},"author":2,"featured_media":118729,"comment_status":"","ping_status":"","sticky":false,"template":"","format":"standard","meta":{"footnotes":""},"categories":[5],"tags":[22,23,26,27,17,21,24,25,28,29,15,16,18,34,31,33,32,30,19,20],"class_list":{"0":"post-118728","1":"post","2":"type-post","3":"status-publish","4":"format-standard","5":"has-post-thumbnail","7":"category-rubriker","8":"tag-breaking-news","9":"tag-breakingnews","10":"tag-featured-news","11":"tag-featurednews","12":"tag-headlines","13":"tag-huvudnyheter","14":"tag-latest-news","15":"tag-latestnews","16":"tag-main-news","17":"tag-mainnews","18":"tag-news","19":"tag-nyheter","20":"tag-rubriker","21":"tag-se","22":"tag-svenska","23":"tag-sverige","24":"tag-sweden","25":"tag-swedish","26":"tag-top-stories","27":"tag-topstories"},"share_on_mastodon":{"url":"https:\/\/pubeurope.com\/@se\/115793390675884717","error":""},"_links":{"self":[{"href":"https:\/\/www.europesays.com\/se\/wp-json\/wp\/v2\/posts\/118728","targetHints":{"allow":["GET"]}}],"collection":[{"href":"https:\/\/www.europesays.com\/se\/wp-json\/wp\/v2\/posts"}],"about":[{"href":"https:\/\/www.europesays.com\/se\/wp-json\/wp\/v2\/types\/post"}],"author":[{"embeddable":true,"href":"https:\/\/www.europesays.com\/se\/wp-json\/wp\/v2\/users\/2"}],"replies":[{"embeddable":true,"href":"https:\/\/www.europesays.com\/se\/wp-json\/wp\/v2\/comments?post=118728"}],"version-history":[{"count":0,"href":"https:\/\/www.europesays.com\/se\/wp-json\/wp\/v2\/posts\/118728\/revisions"}],"wp:featuredmedia":[{"embeddable":true,"href":"https:\/\/www.europesays.com\/se\/wp-json\/wp\/v2\/media\/118729"}],"wp:attachment":[{"href":"https:\/\/www.europesays.com\/se\/wp-json\/wp\/v2\/media?parent=118728"}],"wp:term":[{"taxonomy":"category","embeddable":true,"href":"https:\/\/www.europesays.com\/se\/wp-json\/wp\/v2\/categories?post=118728"},{"taxonomy":"post_tag","embeddable":true,"href":"https:\/\/www.europesays.com\/se\/wp-json\/wp\/v2\/tags?post=118728"}],"curies":[{"name":"wp","href":"https:\/\/api.w.org\/{rel}","templated":true}]}}