{"id":118730,"date":"2025-12-27T20:22:19","date_gmt":"2025-12-27T20:22:19","guid":{"rendered":"https:\/\/www.europesays.com\/se\/118730\/"},"modified":"2025-12-27T20:22:19","modified_gmt":"2025-12-27T20:22:19","slug":"athletic-isak-kan-vara-tillbaka-i-mars-hopp-om-vm-playoff-lever-premier-league","status":"publish","type":"post","link":"https:\/\/www.europesays.com\/se\/118730\/","title":{"rendered":"Athletic: Isak kan vara tillbaka i mars &#8211; hopp om VM-playoff lever &#8211; Premier League"},"content":{"rendered":"<p>Det har varit en tung vecka f\u00f6r Alexander Isak, som \u00e5drog sig en vadbensfraktur och fotledsskada i samband med Liverpool match mot Tottenham innan jul.<\/p>\n<p>Liverpool har bekr\u00e4ftat att svensken genomg\u00e5tt en lyckad operation och lagets tr\u00e4nare Arne Slot har slagit fast att svensken blir borta n\u00e5gra m\u00e5nader.<\/p>\n<p>N\u00e5gon mer exakt tidsprognos har dock inte kommit fr\u00e5n tillf\u00f6rlitligt h\u00e5ll. F\u00f6rr\u00e4n nu.<\/p>\n<p>Ansedda The Athletic-journalisten James Pearce skriver i en artikel p\u00e5 den v\u00e4lrenommerade publikationen att Liverpool tror att Isak kan vara tillbaka i spel i mars.<\/p>\n<p>M\u00e5naden n\u00e4mns i samband med att Liverpools anfallsalternativ i Isaks fr\u00e5nvaro f\u00e5r en genomlysning. Om uppskattningen st\u00e4mmer och Isak \u00e4r tillbaka p\u00e5 planen i mars f\u00e5r det \u00e4ven p\u00e5verkan f\u00f6r det svenska landslaget.<\/p>\n<p>Bl\u00e5gult spelar VM-playoff-semifinal mot Ukraina den 26 mars och en eventuell final mot Polen eller Albanien den 31 mars. En Isak-comeback i mars hade kunnat g\u00f6ra stj\u00e4rnan redo f\u00f6r spel i \u00f6desmatcherna f\u00f6r Graham Potters landslag.  <\/p>\n<p>Alexander Isak hann noteras f\u00f6r tre m\u00e5l p\u00e5 16 matcher i Liverpool innan skadan. Han anl\u00e4nde till PL-j\u00e4tten fr\u00e5n Newcastle f\u00f6r en rekordsumma i England i slutet p\u00e5 f\u00f6rra transferf\u00f6nstret. <\/p>\n","protected":false},"excerpt":{"rendered":"Det har varit en tung vecka f\u00f6r Alexander Isak, som \u00e5drog sig en vadbensfraktur och fotledsskada i samband&hellip;\n","protected":false},"author":2,"featured_media":118731,"comment_status":"","ping_status":"","sticky":false,"template":"","format":"standard","meta":{"footnotes":""},"categories":[68],"tags":[34,111,110,31,33,32,30],"class_list":{"0":"post-118730","1":"post","2":"type-post","3":"status-publish","4":"format-standard","5":"has-post-thumbnail","7":"category-sport","8":"tag-se","9":"tag-sport","10":"tag-sports","11":"tag-svenska","12":"tag-sverige","13":"tag-sweden","14":"tag-swedish"},"share_on_mastodon":{"url":"https:\/\/pubeurope.com\/@se\/115793398529127506","error":""},"_links":{"self":[{"href":"https:\/\/www.europesays.com\/se\/wp-json\/wp\/v2\/posts\/118730","targetHints":{"allow":["GET"]}}],"collection":[{"href":"https:\/\/www.europesays.com\/se\/wp-json\/wp\/v2\/posts"}],"about":[{"href":"https:\/\/www.europesays.com\/se\/wp-json\/wp\/v2\/types\/post"}],"author":[{"embeddable":true,"href":"https:\/\/www.europesays.com\/se\/wp-json\/wp\/v2\/users\/2"}],"replies":[{"embeddable":true,"href":"https:\/\/www.europesays.com\/se\/wp-json\/wp\/v2\/comments?post=118730"}],"version-history":[{"count":0,"href":"https:\/\/www.europesays.com\/se\/wp-json\/wp\/v2\/posts\/118730\/revisions"}],"wp:featuredmedia":[{"embeddable":true,"href":"https:\/\/www.europesays.com\/se\/wp-json\/wp\/v2\/media\/118731"}],"wp:attachment":[{"href":"https:\/\/www.europesays.com\/se\/wp-json\/wp\/v2\/media?parent=118730"}],"wp:term":[{"taxonomy":"category","embeddable":true,"href":"https:\/\/www.europesays.com\/se\/wp-json\/wp\/v2\/categories?post=118730"},{"taxonomy":"post_tag","embeddable":true,"href":"https:\/\/www.europesays.com\/se\/wp-json\/wp\/v2\/tags?post=118730"}],"curies":[{"name":"wp","href":"https:\/\/api.w.org\/{rel}","templated":true}]}}