{"id":118734,"date":"2025-12-27T20:26:10","date_gmt":"2025-12-27T20:26:10","guid":{"rendered":"https:\/\/www.europesays.com\/se\/118734\/"},"modified":"2025-12-27T20:26:10","modified_gmt":"2025-12-27T20:26:10","slug":"installda-flyg-och-snotackt-new-york-efter-stormen","status":"publish","type":"post","link":"https:\/\/www.europesays.com\/se\/118734\/","title":{"rendered":"Inst\u00e4llda flyg och sn\u00f6t\u00e4ckt New York efter stormen"},"content":{"rendered":"<p>share-arrowDela<\/p>\n<p>unsaveSpara<\/p>\n<p>expand-left<\/p>\n<p>helsk\u00e4rm<img decoding=\"async\" class=\"image-asset hyperion-css-u06ts1\" data-test-tag=\"image-asset\" src=\"https:\/\/www.europesays.com\/se\/wp-content\/uploads\/2025\/12\/28c16fa4-5723-4d68-a6ef-59a5578ccbe9\"  alt=\"M\u00e4nniskor promenerar genom Central Park i New York efter sn\u00f6fallet.\"  loading=\"eager\" fetchpriority=\"high\" style=\"aspect-ratio:1900 \/ 1267\"\/>M\u00e4nniskor promenerar genom Central Park i New York efter sn\u00f6fallet. Foto: Adam Gray\/AP\/TT<\/p>\n<p class=\"hyperion-css-1shl3oz\" data-test-tag=\"lead-text\">Tusentals flyg har st\u00e4llts in eller f\u00f6rsenats i nord\u00f6stra USA sedan en vinterstorm vr\u00e4kt ner sn\u00f6, mitt under en av \u00e5rets mest intensiva reseperioder.<\/p>\n<p class=\"hyperion-css-1v9qo5x\">Minst 2\u00a0700 flyg ber\u00f6rs under l\u00f6rdagen, av dem 2\u00a0000 i nord\u00f6stra USA och omr\u00e5det kring de stora sj\u00f6arna, rapporterar CBS News. Flera stora flygplatser varnar resen\u00e4rer f\u00f6r st\u00f6rningar i trafiken.<\/p>\n<p class=\"hyperion-css-1v9qo5x\">I New York hade sn\u00f6skottarna fullt upp p\u00e5 l\u00f6rdagsmorgonen med att r\u00f6ja och salta gator, enligt nyhetsbyr\u00e5n AP. Staden New York har som mest f\u00e5tt omkring 15 centimeter sn\u00f6 natten mot l\u00f6rdagen, n\u00e5got mindre \u00e4n v\u00e4ntat. Samh\u00e4llen l\u00e4ngre norrut fick upp till 25 centimeter.<\/p>\n<p class=\"hyperion-css-1v9qo5x\">Bilister har varnats f\u00f6r att ge sig i v\u00e4g under stormen och uppmanas ge plats f\u00f6r sn\u00f6r\u00f6jningen. Det \u00e4r stor risk f\u00f6r att nerfallna tr\u00e4d blockerar v\u00e4gar samtidigt som sikten \u00e4r d\u00e5lig, varnar v\u00e4derlekstj\u00e4nster.<\/p>\n<p class=\"hyperion-css-1v9qo5x\">Stormen mattades av p\u00e5 morgonen i sin bana mot sydost, men mer sn\u00f6 \u00e4r p\u00e5 v\u00e4g och kylan v\u00e4ntas h\u00e5lla i sig.<\/p>\n<p class=\"hyperion-css-1v9qo5x\">I Kalifornien har ytterligare en person hittats d\u00f6d i en bil efter de kraftiga \u00f6versv\u00e4mningarna som drabbat delstaten. D\u00f6dstalet \u00e4r nu uppe i fyra, rapporterar NBC News.<\/p>\n","protected":false},"excerpt":{"rendered":"share-arrowDela unsaveSpara expand-left helsk\u00e4rmM\u00e4nniskor promenerar genom Central Park i New York efter sn\u00f6fallet. Foto: Adam Gray\/AP\/TT Tusentals flyg&hellip;\n","protected":false},"author":2,"featured_media":118735,"comment_status":"","ping_status":"","sticky":false,"template":"","format":"standard","meta":{"footnotes":""},"categories":[14],"tags":[22,23,26,27,17,21,24,25,28,29,15,16,18,34,31,33,32,30,19,20,51,52,53,54],"class_list":{"0":"post-118734","1":"post","2":"type-post","3":"status-publish","4":"format-standard","5":"has-post-thumbnail","7":"category-varlden","8":"tag-breaking-news","9":"tag-breakingnews","10":"tag-featured-news","11":"tag-featurednews","12":"tag-headlines","13":"tag-huvudnyheter","14":"tag-latest-news","15":"tag-latestnews","16":"tag-main-news","17":"tag-mainnews","18":"tag-news","19":"tag-nyheter","20":"tag-rubriker","21":"tag-se","22":"tag-svenska","23":"tag-sverige","24":"tag-sweden","25":"tag-swedish","26":"tag-top-stories","27":"tag-topstories","28":"tag-varlden","29":"tag-world","30":"tag-world-news","31":"tag-worldnews"},"share_on_mastodon":{"url":"https:\/\/pubeurope.com\/@se\/115793414470925950","error":""},"_links":{"self":[{"href":"https:\/\/www.europesays.com\/se\/wp-json\/wp\/v2\/posts\/118734","targetHints":{"allow":["GET"]}}],"collection":[{"href":"https:\/\/www.europesays.com\/se\/wp-json\/wp\/v2\/posts"}],"about":[{"href":"https:\/\/www.europesays.com\/se\/wp-json\/wp\/v2\/types\/post"}],"author":[{"embeddable":true,"href":"https:\/\/www.europesays.com\/se\/wp-json\/wp\/v2\/users\/2"}],"replies":[{"embeddable":true,"href":"https:\/\/www.europesays.com\/se\/wp-json\/wp\/v2\/comments?post=118734"}],"version-history":[{"count":0,"href":"https:\/\/www.europesays.com\/se\/wp-json\/wp\/v2\/posts\/118734\/revisions"}],"wp:featuredmedia":[{"embeddable":true,"href":"https:\/\/www.europesays.com\/se\/wp-json\/wp\/v2\/media\/118735"}],"wp:attachment":[{"href":"https:\/\/www.europesays.com\/se\/wp-json\/wp\/v2\/media?parent=118734"}],"wp:term":[{"taxonomy":"category","embeddable":true,"href":"https:\/\/www.europesays.com\/se\/wp-json\/wp\/v2\/categories?post=118734"},{"taxonomy":"post_tag","embeddable":true,"href":"https:\/\/www.europesays.com\/se\/wp-json\/wp\/v2\/tags?post=118734"}],"curies":[{"name":"wp","href":"https:\/\/api.w.org\/{rel}","templated":true}]}}