{"id":118736,"date":"2025-12-27T20:28:08","date_gmt":"2025-12-27T20:28:08","guid":{"rendered":"https:\/\/www.europesays.com\/se\/118736\/"},"modified":"2025-12-27T20:28:08","modified_gmt":"2025-12-27T20:28:08","slug":"skidskytte-bakken-hedras-av-ex-sambon-i-forsta-tavlingen-efter-dodsfallet-vad-sivert-velat","status":"publish","type":"post","link":"https:\/\/www.europesays.com\/se\/118736\/","title":{"rendered":"Skidskytte: Bakken hedras av ex-sambon i f\u00f6rsta t\u00e4vlingen efter d\u00f6dsfallet: \u201dVad Sivert velat\u201d"},"content":{"rendered":"<p>T\u00e4vlingen p\u00e5 Veltins-Arena (f\u00f6re detta Arena AufSchalke) i Gelsenkirchen \u00e4r en av Europas modernaste med skjutbart tak och 50\u00a0000 \u00e5sk\u00e5dare v\u00e4ntas f\u00f6lja t\u00e4vlingen. <\/p>\n<p>En tyst minut f\u00f6r Bakken kommer att inleda t\u00e4vlingen som blir speciell f\u00f6r det norska paret Juni Arnekleiv och Mats \u00d6verby.<\/p>\n<p>Arnekleiv och Bakken var ett par och sambos fram till f\u00f6rra \u00e5ret. <\/p>\n<p>\u201dVi vill hedra och minnas den engagerade och fantastiska person han var. Det \u00e4r ocks\u00e5 vad Sivert hade velat\u201d, <a href=\"https:\/\/www.nrk.no\/sport\/skiskyting_-juni-arnekleiv-vil-hedre-avdode-sivert-guttorm-bakken-1.17706612\" rel=\"nofollow noopener\" target=\"_blank\">skriver Arnekleiv i ett sms till NRK.<\/a><\/p>\n<p>Arnekleiv f\u00f6rsta norska aktiva att uttala sig<\/p>\n<p>Arnekleiv \u00e4r den f\u00f6rsta norska aktiva skidskytten som uttalar sig f\u00f6r media och hon bearbetar det ofattbara dag f\u00f6r dag. Det norska skidskyttef\u00f6rbundet har skickat ner tv\u00e5 extra personer som st\u00f6d under t\u00e4vlingen.<\/p>\n<p>\u201dDet har varit en v\u00e4ldigt annorlunda och sorglig jul efter att vi fick beskedet att Sivert hittats d\u00f6d i sitt rum i Lavaz\u00e8. Det \u00e4r ett chockbesked som jag fortfarande inte kan f\u00f6rst\u00e5\u201d, skriver Arnekleiv. <\/p>\n<p>Det fanns tankar p\u00e5 att st\u00e5 \u00f6ver t\u00e4vlingen. <\/p>\n<p>\u201dVi funderade p\u00e5 att avst\u00e5 Schalke, men vi var \u00f6verens om att Sivert var n\u00e5gon som aldrig gav upp och som alltid gjorde vad han kunde f\u00f6r att f\u00e5 till bra skidlopp, enligt Arnekleiv.<\/p>\n<p>V\u00e4rldscupen har omstart i Oberhof den 8 januari.<\/p>\n","protected":false},"excerpt":{"rendered":"T\u00e4vlingen p\u00e5 Veltins-Arena (f\u00f6re detta Arena AufSchalke) i Gelsenkirchen \u00e4r en av Europas modernaste med skjutbart tak och&hellip;\n","protected":false},"author":2,"featured_media":118737,"comment_status":"","ping_status":"","sticky":false,"template":"","format":"standard","meta":{"footnotes":""},"categories":[5],"tags":[22,23,26,27,17,21,24,25,28,29,15,16,18,34,31,33,32,30,19,20],"class_list":{"0":"post-118736","1":"post","2":"type-post","3":"status-publish","4":"format-standard","5":"has-post-thumbnail","7":"category-rubriker","8":"tag-breaking-news","9":"tag-breakingnews","10":"tag-featured-news","11":"tag-featurednews","12":"tag-headlines","13":"tag-huvudnyheter","14":"tag-latest-news","15":"tag-latestnews","16":"tag-main-news","17":"tag-mainnews","18":"tag-news","19":"tag-nyheter","20":"tag-rubriker","21":"tag-se","22":"tag-svenska","23":"tag-sverige","24":"tag-sweden","25":"tag-swedish","26":"tag-top-stories","27":"tag-topstories"},"share_on_mastodon":{"url":"https:\/\/pubeurope.com\/@se\/115793422108187358","error":""},"_links":{"self":[{"href":"https:\/\/www.europesays.com\/se\/wp-json\/wp\/v2\/posts\/118736","targetHints":{"allow":["GET"]}}],"collection":[{"href":"https:\/\/www.europesays.com\/se\/wp-json\/wp\/v2\/posts"}],"about":[{"href":"https:\/\/www.europesays.com\/se\/wp-json\/wp\/v2\/types\/post"}],"author":[{"embeddable":true,"href":"https:\/\/www.europesays.com\/se\/wp-json\/wp\/v2\/users\/2"}],"replies":[{"embeddable":true,"href":"https:\/\/www.europesays.com\/se\/wp-json\/wp\/v2\/comments?post=118736"}],"version-history":[{"count":0,"href":"https:\/\/www.europesays.com\/se\/wp-json\/wp\/v2\/posts\/118736\/revisions"}],"wp:featuredmedia":[{"embeddable":true,"href":"https:\/\/www.europesays.com\/se\/wp-json\/wp\/v2\/media\/118737"}],"wp:attachment":[{"href":"https:\/\/www.europesays.com\/se\/wp-json\/wp\/v2\/media?parent=118736"}],"wp:term":[{"taxonomy":"category","embeddable":true,"href":"https:\/\/www.europesays.com\/se\/wp-json\/wp\/v2\/categories?post=118736"},{"taxonomy":"post_tag","embeddable":true,"href":"https:\/\/www.europesays.com\/se\/wp-json\/wp\/v2\/tags?post=118736"}],"curies":[{"name":"wp","href":"https:\/\/api.w.org\/{rel}","templated":true}]}}