{"id":118738,"date":"2025-12-27T20:30:36","date_gmt":"2025-12-27T20:30:36","guid":{"rendered":"https:\/\/www.europesays.com\/se\/118738\/"},"modified":"2025-12-27T20:30:36","modified_gmt":"2025-12-27T20:30:36","slug":"umea-basket-foll-igen-forlangde-sviten-vasterbottens-kuriren","status":"publish","type":"post","link":"https:\/\/www.europesays.com\/se\/118738\/","title":{"rendered":"Ume\u00e5 Basket f\u00f6ll igen \u2013 f\u00f6rl\u00e4ngde sviten &#8211; V\u00e4sterbottens-Kuriren"},"content":{"rendered":"<ol>\n<li><a href=\"https:\/\/news.google.com\/rss\/articles\/CBMifkFVX3lxTE9NQmkxamhad1pFTUZNNE5TVmxILWdweU1BTVMySTNrUEZzNk1MZkdyWDhjTF9NYlVMZmdZcHhjY3g3c3hNLWNMLWdwZU5pZE1zMTdHRXV4bkVDUnB0S0NPc01uLU84TXpDU1ltZzlEYWIySmxtbTdJd2FlamY1dw?oc=5\" target=\"_blank\" rel=\"nofollow noopener\">Ume\u00e5 Basket f\u00f6ll igen \u2013 f\u00f6rl\u00e4ngde sviten<\/a>&nbsp;&nbsp;V\u00e4sterbottens-Kuriren<\/li>\n<li><a href=\"https:\/\/news.google.com\/rss\/articles\/CBMipgFBVV95cUxQclM3VFFReS0xamQwN25EbmtjdkZhOWRjTlNiaFR1TUQyZmQ5d3R1S3RDNnRvQlJRVnpvcEJ5NDJVVjFEUDdMbWdYNFFwRmVjZzVjRXFWMTF6RzJOS1oxMWdhZzdxN2xRN21LTTJuNXFvOS1UaEVPeUJHRndHMUVfaGNVT3h3WGlTOFV2X0xqZVNELXNHTFo0RklwS1k3M2E0Z1RQa2JR?oc=5\" target=\"_blank\" rel=\"nofollow noopener\">MIMMI \u00c5KERLUND: Amerikanen, kaptenen \u2013 och 17-\u00e5ringen klev fram f\u00f6r Lule\u00e5<\/a>&nbsp;&nbsp;NSD<\/li>\n<li><a href=\"https:\/\/news.google.com\/rss\/articles\/CBMingFBVV95cUxOWmQ3VlNFalZJaXVsUGhURDloQlBESmZpcHNoSWtJS0ZfVU5qZVp3LWNiSVpRVENZY08xUUJxaTBkWVVIM1dXdFoxaTNST1A0REhtV3lyR0FMYnJvRVp1c0dEbnU5Q1lQX3V1LVNDZmdXU0Rzb3NFaGhHcFR5VW9oVDZEX0hJNVpORGFhdUZhWHNZRmxzVDVsaDMwa3hVZw?oc=5\" target=\"_blank\" rel=\"nofollow noopener\">BC Lule\u00e5s starka svit mot Ume\u00e5 Basket forts\u00e4tter<\/a>&nbsp;&nbsp;NSD<\/li>\n<li><a href=\"https:\/\/news.google.com\/rss\/articles\/CBMiigFBVV95cUxPVExOcDFMcUJxd2REVHE0TG5HUm5jRWFJSVF1dXh4Rnhpa0RqemhtVHhHM3JlSm9UWEtvRjI5eWFqWng1aXkxR0YzTGwta1FGSTZfN3pFVi1mR0U3b0haRnJfRnpYclpURWZxVkZBdm1kWk1URzNZcklKZEY5bW5Wenk3TGI0OVlTVnc?oc=5\" target=\"_blank\" rel=\"nofollow noopener\">S\u00e5gningen: \u201dS\u00e4msta insatsen n\u00e5gonsin\u201d<\/a>&nbsp;&nbsp;V\u00e4sterbottens-Kuriren<\/li>\n<li><a href=\"https:\/\/news.google.com\/rss\/articles\/CBMiiwFBVV95cUxQdkVER3Y4R1A3OWlQLThVSHRLS3RtaTlrU3pTZ19VTHdudzI0SUFvNzhoTUxLNVZwdm55OE5tRGxJb0xZX3owd09CbGMwZDAta3d3UUtDQjBIZVoyOG5Ma0VIVkhpVDJ4Z1Y4aExHdzVQMkZ5d0NyRHV0bkFKMjhoZkJ3Yk5BZHRLaUZZ?oc=5\" target=\"_blank\" rel=\"nofollow noopener\">Ume\u00e5 Basket f\u00f6ll mot BC Lule\u00e5 Steelers med 59-76<\/a>&nbsp;&nbsp;V\u00e4sterbottens-Kuriren<\/li>\n<\/ol>\n","protected":false},"excerpt":{"rendered":"Ume\u00e5 Basket f\u00f6ll igen \u2013 f\u00f6rl\u00e4ngde sviten&nbsp;&nbsp;V\u00e4sterbottens-Kuriren MIMMI \u00c5KERLUND: Amerikanen, kaptenen \u2013 och 17-\u00e5ringen klev fram f\u00f6r Lule\u00e5&nbsp;&nbsp;NSD&hellip;\n","protected":false},"author":2,"featured_media":118739,"comment_status":"","ping_status":"","sticky":false,"template":"","format":"standard","meta":{"footnotes":""},"categories":[68],"tags":[34,111,110,31,33,32,30],"class_list":{"0":"post-118738","1":"post","2":"type-post","3":"status-publish","4":"format-standard","5":"has-post-thumbnail","7":"category-sport","8":"tag-se","9":"tag-sport","10":"tag-sports","11":"tag-svenska","12":"tag-sverige","13":"tag-sweden","14":"tag-swedish"},"share_on_mastodon":{"url":"https:\/\/pubeurope.com\/@se\/115793430034800909","error":""},"_links":{"self":[{"href":"https:\/\/www.europesays.com\/se\/wp-json\/wp\/v2\/posts\/118738","targetHints":{"allow":["GET"]}}],"collection":[{"href":"https:\/\/www.europesays.com\/se\/wp-json\/wp\/v2\/posts"}],"about":[{"href":"https:\/\/www.europesays.com\/se\/wp-json\/wp\/v2\/types\/post"}],"author":[{"embeddable":true,"href":"https:\/\/www.europesays.com\/se\/wp-json\/wp\/v2\/users\/2"}],"replies":[{"embeddable":true,"href":"https:\/\/www.europesays.com\/se\/wp-json\/wp\/v2\/comments?post=118738"}],"version-history":[{"count":0,"href":"https:\/\/www.europesays.com\/se\/wp-json\/wp\/v2\/posts\/118738\/revisions"}],"wp:featuredmedia":[{"embeddable":true,"href":"https:\/\/www.europesays.com\/se\/wp-json\/wp\/v2\/media\/118739"}],"wp:attachment":[{"href":"https:\/\/www.europesays.com\/se\/wp-json\/wp\/v2\/media?parent=118738"}],"wp:term":[{"taxonomy":"category","embeddable":true,"href":"https:\/\/www.europesays.com\/se\/wp-json\/wp\/v2\/categories?post=118738"},{"taxonomy":"post_tag","embeddable":true,"href":"https:\/\/www.europesays.com\/se\/wp-json\/wp\/v2\/tags?post=118738"}],"curies":[{"name":"wp","href":"https:\/\/api.w.org\/{rel}","templated":true}]}}