{"id":118742,"date":"2025-12-27T20:35:07","date_gmt":"2025-12-27T20:35:07","guid":{"rendered":"https:\/\/www.europesays.com\/se\/118742\/"},"modified":"2025-12-27T20:35:07","modified_gmt":"2025-12-27T20:35:07","slug":"tuff-match-slutade-med-forlust-for-sloga-uppsala-mot-sbbk-herr","status":"publish","type":"post","link":"https:\/\/www.europesays.com\/se\/118742\/","title":{"rendered":"Tuff match slutade med f\u00f6rlust f\u00f6r Sloga Uppsala mot SBBK herr"},"content":{"rendered":"<p> Bortalaget Sloga Uppsala hade ledningen i halvtid, med 35-27, men i tredje och fj\u00e4rde perioden v\u00e4nde SBBK herr matchen och vann till slut med 64-56.Matchen b\u00f6rjade riktigt bra f\u00f6r Sloga Uppsala som vann f\u00f6rsta perioden med hela 19-5.I andra perioden kom SBBK herr tillbaka och vann perioden med 22-16. Trots det l\u00e5g laget under med 35-27 i halvtid.Sloga Uppsala spelade<\/p>\n","protected":false},"excerpt":{"rendered":"Bortalaget Sloga Uppsala hade ledningen i halvtid, med 35-27, men i tredje och fj\u00e4rde perioden v\u00e4nde SBBK herr&hellip;\n","protected":false},"author":2,"featured_media":118743,"comment_status":"","ping_status":"","sticky":false,"template":"","format":"standard","meta":{"footnotes":""},"categories":[12],"tags":[22,23,26,27,17,21,24,25,28,29,15,16,18,34,31,33,32,30,19,20],"class_list":{"0":"post-118742","1":"post","2":"type-post","3":"status-publish","4":"format-standard","5":"has-post-thumbnail","7":"category-sverige","8":"tag-breaking-news","9":"tag-breakingnews","10":"tag-featured-news","11":"tag-featurednews","12":"tag-headlines","13":"tag-huvudnyheter","14":"tag-latest-news","15":"tag-latestnews","16":"tag-main-news","17":"tag-mainnews","18":"tag-news","19":"tag-nyheter","20":"tag-rubriker","21":"tag-se","22":"tag-svenska","23":"tag-sverige","24":"tag-sweden","25":"tag-swedish","26":"tag-top-stories","27":"tag-topstories"},"share_on_mastodon":{"url":"https:\/\/pubeurope.com\/@se\/115793449732508497","error":""},"_links":{"self":[{"href":"https:\/\/www.europesays.com\/se\/wp-json\/wp\/v2\/posts\/118742","targetHints":{"allow":["GET"]}}],"collection":[{"href":"https:\/\/www.europesays.com\/se\/wp-json\/wp\/v2\/posts"}],"about":[{"href":"https:\/\/www.europesays.com\/se\/wp-json\/wp\/v2\/types\/post"}],"author":[{"embeddable":true,"href":"https:\/\/www.europesays.com\/se\/wp-json\/wp\/v2\/users\/2"}],"replies":[{"embeddable":true,"href":"https:\/\/www.europesays.com\/se\/wp-json\/wp\/v2\/comments?post=118742"}],"version-history":[{"count":0,"href":"https:\/\/www.europesays.com\/se\/wp-json\/wp\/v2\/posts\/118742\/revisions"}],"wp:featuredmedia":[{"embeddable":true,"href":"https:\/\/www.europesays.com\/se\/wp-json\/wp\/v2\/media\/118743"}],"wp:attachment":[{"href":"https:\/\/www.europesays.com\/se\/wp-json\/wp\/v2\/media?parent=118742"}],"wp:term":[{"taxonomy":"category","embeddable":true,"href":"https:\/\/www.europesays.com\/se\/wp-json\/wp\/v2\/categories?post=118742"},{"taxonomy":"post_tag","embeddable":true,"href":"https:\/\/www.europesays.com\/se\/wp-json\/wp\/v2\/tags?post=118742"}],"curies":[{"name":"wp","href":"https:\/\/api.w.org\/{rel}","templated":true}]}}