{"id":118746,"date":"2025-12-27T20:38:12","date_gmt":"2025-12-27T20:38:12","guid":{"rendered":"https:\/\/www.europesays.com\/se\/118746\/"},"modified":"2025-12-27T20:38:12","modified_gmt":"2025-12-27T20:38:12","slug":"kevin-ackermann-jagas-av-wisla-plock","status":"publish","type":"post","link":"https:\/\/www.europesays.com\/se\/118746\/","title":{"rendered":"Kevin Ackermann jagas av Wisla Plock"},"content":{"rendered":"<p><a data-test-tag=\"internal-link\" href=\"https:\/\/www.aftonbladet.se\/av\/daniel-kristoffersson\" class=\"hyperion-css-13ns1rr\" rel=\"nofollow noopener\" target=\"\" aria-label=\"Se alla artiklar av Daniel Kristoffersson\"><img decoding=\"async\" class=\"image-asset hyperion-css-n6kkq1\" data-test-tag=\"image-asset\" src=\"https:\/\/www.europesays.com\/se\/wp-content\/uploads\/2025\/12\/1766867892_846_47a1d14f-3c52-4905-890d-45c65cb040ad\"  alt=\"\"  loading=\"lazy\" fetchpriority=\"auto\" style=\"aspect-ratio:1900 \/ 1900\"\/><\/a>share-arrowDela<\/p>\n<p>unsaveSpara<\/p>\n<p>expand-left<\/p>\n<p>helsk\u00e4rm<img decoding=\"async\" class=\"image-asset hyperion-css-u06ts1\" data-test-tag=\"image-asset\" src=\"https:\/\/www.europesays.com\/se\/wp-content\/uploads\/2025\/12\/8b0191fd-fdcb-4fc4-9bd4-585d25c7990e\"  alt=\"Kevin Ackermann.\"  loading=\"eager\" fetchpriority=\"high\" style=\"aspect-ratio:1900 \/ 1267\"\/>Kevin Ackermann. Foto: Kenta J\u00f6nsson \/ Bildbyr\u00e5n<\/p>\n<p class=\"hyperion-css-1shl3oz\" data-test-tag=\"lead-text\">Kevin Ackermanns kontrakt g\u00e5r ut i sommar. <\/p>\n<p class=\"hyperion-css-1shl3oz\" data-test-tag=\"lead-text\">Enligt Sportbladets uppgifter vill nu Wisla Plock i Polen ha BP:s mittf\u00e4ltare och f\u00f6rbereder ett f\u00f6rsta bud p\u00e5 spelaren. <\/p>\n<p class=\"hyperion-css-1v9qo5x\">Kevin Ackermann gjorde 26 matcher fr\u00e5n start med BP den h\u00e4r s\u00e4songen, d\u00e4r laget s\u00e4krade allsvenskt spel med tv\u00e5 omg\u00e5ngar kvar att spela. <\/p>\n<p class=\"hyperion-css-1v9qo5x\">Mittf\u00e4ltaren kom till BP i januari 2023 och hans kontrakt med klubben g\u00e5r ut den 31 juli 2026. D\u00e4rmed \u00e4r han fri att skriva p\u00e5 f\u00f6r en ny klubb om n\u00e5gon m\u00e5nad och sedan l\u00e4mna gratis n\u00e4r kontraktet med BP g\u00e5r ut. <\/p>\n<p class=\"hyperion-css-1v9qo5x\">Enligt Sportbladets uppgifter vill nu Wisla Plock, serieledare i h\u00f6gstaligan i Polen, v\u00e4rva mittf\u00e4ltaren. <\/p>\n<p class=\"hyperion-css-1v9qo5x\">De f\u00f6rbereder ett bud p\u00e5 24-\u00e5ringen och g\u00f6r ett f\u00f6rs\u00f6k att f\u00e5 in honom i lagbygget i vinter. <\/p>\n<p class=\"hyperion-css-1v9qo5x\">\u00c5terst\u00e5r att se om v\u00e4rvningsf\u00f6rs\u00f6ket lyckas. <\/p>\n","protected":false},"excerpt":{"rendered":"share-arrowDela unsaveSpara expand-left helsk\u00e4rmKevin Ackermann. Foto: Kenta J\u00f6nsson \/ Bildbyr\u00e5n Kevin Ackermanns kontrakt g\u00e5r ut i sommar. Enligt&hellip;\n","protected":false},"author":2,"featured_media":118747,"comment_status":"","ping_status":"","sticky":false,"template":"","format":"standard","meta":{"footnotes":""},"categories":[68],"tags":[34,111,110,31,33,32,30],"class_list":{"0":"post-118746","1":"post","2":"type-post","3":"status-publish","4":"format-standard","5":"has-post-thumbnail","7":"category-sport","8":"tag-se","9":"tag-sport","10":"tag-sports","11":"tag-svenska","12":"tag-sverige","13":"tag-sweden","14":"tag-swedish"},"share_on_mastodon":{"url":"https:\/\/pubeurope.com\/@se\/115793461646880589","error":""},"_links":{"self":[{"href":"https:\/\/www.europesays.com\/se\/wp-json\/wp\/v2\/posts\/118746","targetHints":{"allow":["GET"]}}],"collection":[{"href":"https:\/\/www.europesays.com\/se\/wp-json\/wp\/v2\/posts"}],"about":[{"href":"https:\/\/www.europesays.com\/se\/wp-json\/wp\/v2\/types\/post"}],"author":[{"embeddable":true,"href":"https:\/\/www.europesays.com\/se\/wp-json\/wp\/v2\/users\/2"}],"replies":[{"embeddable":true,"href":"https:\/\/www.europesays.com\/se\/wp-json\/wp\/v2\/comments?post=118746"}],"version-history":[{"count":0,"href":"https:\/\/www.europesays.com\/se\/wp-json\/wp\/v2\/posts\/118746\/revisions"}],"wp:featuredmedia":[{"embeddable":true,"href":"https:\/\/www.europesays.com\/se\/wp-json\/wp\/v2\/media\/118747"}],"wp:attachment":[{"href":"https:\/\/www.europesays.com\/se\/wp-json\/wp\/v2\/media?parent=118746"}],"wp:term":[{"taxonomy":"category","embeddable":true,"href":"https:\/\/www.europesays.com\/se\/wp-json\/wp\/v2\/categories?post=118746"},{"taxonomy":"post_tag","embeddable":true,"href":"https:\/\/www.europesays.com\/se\/wp-json\/wp\/v2\/tags?post=118746"}],"curies":[{"name":"wp","href":"https:\/\/api.w.org\/{rel}","templated":true}]}}