{"id":118748,"date":"2025-12-27T20:43:14","date_gmt":"2025-12-27T20:43:14","guid":{"rendered":"https:\/\/www.europesays.com\/se\/118748\/"},"modified":"2025-12-27T20:43:14","modified_gmt":"2025-12-27T20:43:14","slug":"lulea-kommun-avskriver-68-visselblasararenden","status":"publish","type":"post","link":"https:\/\/www.europesays.com\/se\/118748\/","title":{"rendered":"Lule\u00e5 kommun avskriver 68 visselbl\u00e5sar\u00e4renden"},"content":{"rendered":"<p>Visselbl\u00e5sarlagen inf\u00f6rdes f\u00f6r fyra \u00e5r sedan efter ett EU-direktiv och omfattar alla privata och offentliga verksamheter med minst 50 anst\u00e4llda. En visselbl\u00e5sare kan vara en arbetstagare, praktikant, arbetss\u00f6kande eller konsult som jobbar f\u00f6r organisationen.Under perioden 1 januari till 10 december i \u00e5r har 68 \u00e4renden inkommit via Lule\u00e5 kommuns visselbl\u00e5sarfunktion so<\/p>\n","protected":false},"excerpt":{"rendered":"Visselbl\u00e5sarlagen inf\u00f6rdes f\u00f6r fyra \u00e5r sedan efter ett EU-direktiv och omfattar alla privata och offentliga verksamheter med minst&hellip;\n","protected":false},"author":2,"featured_media":118749,"comment_status":"","ping_status":"","sticky":false,"template":"","format":"standard","meta":{"footnotes":""},"categories":[12],"tags":[22,23,26,27,17,21,24,25,28,29,15,16,18,34,31,33,32,30,19,20],"class_list":{"0":"post-118748","1":"post","2":"type-post","3":"status-publish","4":"format-standard","5":"has-post-thumbnail","7":"category-sverige","8":"tag-breaking-news","9":"tag-breakingnews","10":"tag-featured-news","11":"tag-featurednews","12":"tag-headlines","13":"tag-huvudnyheter","14":"tag-latest-news","15":"tag-latestnews","16":"tag-main-news","17":"tag-mainnews","18":"tag-news","19":"tag-nyheter","20":"tag-rubriker","21":"tag-se","22":"tag-svenska","23":"tag-sverige","24":"tag-sweden","25":"tag-swedish","26":"tag-top-stories","27":"tag-topstories"},"share_on_mastodon":{"url":"https:\/\/pubeurope.com\/@se\/115793481247093683","error":""},"_links":{"self":[{"href":"https:\/\/www.europesays.com\/se\/wp-json\/wp\/v2\/posts\/118748","targetHints":{"allow":["GET"]}}],"collection":[{"href":"https:\/\/www.europesays.com\/se\/wp-json\/wp\/v2\/posts"}],"about":[{"href":"https:\/\/www.europesays.com\/se\/wp-json\/wp\/v2\/types\/post"}],"author":[{"embeddable":true,"href":"https:\/\/www.europesays.com\/se\/wp-json\/wp\/v2\/users\/2"}],"replies":[{"embeddable":true,"href":"https:\/\/www.europesays.com\/se\/wp-json\/wp\/v2\/comments?post=118748"}],"version-history":[{"count":0,"href":"https:\/\/www.europesays.com\/se\/wp-json\/wp\/v2\/posts\/118748\/revisions"}],"wp:featuredmedia":[{"embeddable":true,"href":"https:\/\/www.europesays.com\/se\/wp-json\/wp\/v2\/media\/118749"}],"wp:attachment":[{"href":"https:\/\/www.europesays.com\/se\/wp-json\/wp\/v2\/media?parent=118748"}],"wp:term":[{"taxonomy":"category","embeddable":true,"href":"https:\/\/www.europesays.com\/se\/wp-json\/wp\/v2\/categories?post=118748"},{"taxonomy":"post_tag","embeddable":true,"href":"https:\/\/www.europesays.com\/se\/wp-json\/wp\/v2\/tags?post=118748"}],"curies":[{"name":"wp","href":"https:\/\/api.w.org\/{rel}","templated":true}]}}