{"id":118750,"date":"2025-12-27T20:44:10","date_gmt":"2025-12-27T20:44:10","guid":{"rendered":"https:\/\/www.europesays.com\/se\/118750\/"},"modified":"2025-12-27T20:44:10","modified_gmt":"2025-12-27T20:44:10","slug":"dart-vm-andreas-harrysson-till-attondelsfinal","status":"publish","type":"post","link":"https:\/\/www.europesays.com\/se\/118750\/","title":{"rendered":"Dart-VM: Andreas Harrysson till \u00e5ttondelsfinal"},"content":{"rendered":"<p>Pengaregn f\u00f6r svensken<a data-test-tag=\"internal-link\" href=\"https:\/\/www.aftonbladet.se\/av\/sebastian-luuk\" class=\"hyperion-css-13ns1rr\" rel=\"nofollow noopener\" target=\"\" aria-label=\"Se alla artiklar av Sebastian Luuk\"><img decoding=\"async\" class=\"image-asset hyperion-css-n6kkq1\" data-test-tag=\"image-asset\" src=\"https:\/\/www.europesays.com\/se\/wp-content\/uploads\/2025\/12\/1766868249_543_7880ed3d-dabd-4b99-9571-acf16c8f31e9\"  alt=\"\"  loading=\"lazy\" fetchpriority=\"auto\" style=\"aspect-ratio:1900 \/ 1900\"\/><\/a><\/p>\n<p class=\"boxtextgrotesk-root_baa6 hyperion-css-1w346fg\">Uppdaterad 21.42 | Publicerad 21.31<\/p>\n<p>share-arrowDela<\/p>\n<p>unsaveSpara<\/p>\n<p>Lyssna p\u00e5 artikelnLyssna p\u00e5&#8230;<\/p>\n<p class=\"hyperion-css-1shl3oz\" data-test-tag=\"lead-text\">Andreas Harrysson, 50, \u00e5ngar p\u00e5 i dart-VM.<\/p>\n<p class=\"hyperion-css-1shl3oz\" data-test-tag=\"lead-text\">\u201dDirty Harry\u201d \u00e4r klar f\u00f6r \u00e5ttondelsfinal.<\/p>\n<p class=\"hyperion-css-1shl3oz\" data-test-tag=\"lead-text\">Svensken besegrade 33-rankade Ricardo \u201dPikachu\u201d Pietreczko.<\/p>\n<p><img decoding=\"async\" src=\"https:\/\/www.europesays.com\/se\/wp-content\/uploads\/2025\/12\/e4b1be8fab549c5a7ea2373676b27d05.jpg\" class=\"thumbnail-image_fbfd thumbnail-portrait_fbfd\" alt=\"Dart-VM \u00e4r en folkfest\"\/><\/p>\n<p>Dart-VM \u00e4r en folkfest<\/p>\n<p>0:26<\/p>\n<p class=\"hyperion-css-1v9qo5x\">Andreas Harrysson, som kallas f\u00f6r \u201dDirty Harry\u201d, g\u00f6r VM-debut i \u00e5r.<\/p>\n<p class=\"hyperion-css-1v9qo5x\">Hittills har det blivit en succ\u00e9 f\u00f6r den 114-rankade svensken.<\/p>\n<p class=\"hyperion-css-1v9qo5x\">50-\u00e5ringen fr\u00e5n M\u00e5lilla besegrade den 33-rankade tysken Ricardo \u201dPikachu\u201d Pietreczko i m\u00e4sterskapets tredje runda. Harrysson vann med 4\u20132 i set.<\/p>\n<p class=\"hyperion-css-1v9qo5x\">Nu \u00e4r \u201dDirty Harry\u201d klar f\u00f6r \u00e5ttondelsfinal.<\/p>\n<p>F\u00e5r minst 740\u00a0000 kronor<\/p>\n<p class=\"hyperion-css-1v9qo5x\">I och med segern s\u00e4krar \u201dDirty Harry\u201d flera hundra tusen kronor.<\/p>\n<p>expand-left<\/p>\n<p>helsk\u00e4rm<img decoding=\"async\" class=\"image-asset hyperion-css-u06ts1\" data-test-tag=\"image-asset\" src=\"https:\/\/www.europesays.com\/se\/wp-content\/uploads\/2025\/12\/691fc733-7c28-47e1-8a88-c8bf387d1fde\"  alt=\"Andreas Harrysson.\"  loading=\"eager\" fetchpriority=\"high\" style=\"aspect-ratio:1900 \/ 1338\"\/>Andreas Harrysson. Foto: Bradley Collyer \/ AP<\/p>\n<p class=\"hyperion-css-1v9qo5x\">Som minst f\u00e5r han nu 60\u00a0000 brittiska pund, motsvarande 740\u00a0000 kronor.<\/p>\n<p class=\"hyperion-css-1v9qo5x\">Summan blir dock st\u00f6rre om svensken vinner n\u00e4sta slutspelsmatch.<\/p>\n<p>Tufft motst\u00e5nd v\u00e4ntar<\/p>\n<p class=\"hyperion-css-1v9qo5x\">I \u00e5ttondelsfinalen (fj\u00e4rde rundan) v\u00e4ntar tufft motst\u00e5nd f\u00f6r Harrysson.<\/p>\n<p class=\"hyperion-css-1v9qo5x\">Svensken m\u00f6ter d\u00e5 walesaren Jonny Clayton, som \u00e4r rankad femma i v\u00e4rlden.<\/p>\n<p class=\"hyperion-css-1v9qo5x\">\u00c5ttondelsfinalerna (den fj\u00e4rde rundan) spelas p\u00e5 m\u00e5ndag och tisdag (29\u201330 december). Exakta tider \u00e4r \u00e4nnu inte fastst\u00e4llda.<\/p>\n","protected":false},"excerpt":{"rendered":"Pengaregn f\u00f6r svensken Uppdaterad 21.42 | Publicerad 21.31 share-arrowDela unsaveSpara Lyssna p\u00e5 artikelnLyssna p\u00e5&#8230; Andreas Harrysson, 50, \u00e5ngar&hellip;\n","protected":false},"author":2,"featured_media":118751,"comment_status":"","ping_status":"","sticky":false,"template":"","format":"standard","meta":{"footnotes":""},"categories":[5],"tags":[22,23,26,27,17,21,24,25,28,29,15,16,18,34,31,33,32,30,19,20],"class_list":{"0":"post-118750","1":"post","2":"type-post","3":"status-publish","4":"format-standard","5":"has-post-thumbnail","7":"category-rubriker","8":"tag-breaking-news","9":"tag-breakingnews","10":"tag-featured-news","11":"tag-featurednews","12":"tag-headlines","13":"tag-huvudnyheter","14":"tag-latest-news","15":"tag-latestnews","16":"tag-main-news","17":"tag-mainnews","18":"tag-news","19":"tag-nyheter","20":"tag-rubriker","21":"tag-se","22":"tag-svenska","23":"tag-sverige","24":"tag-sweden","25":"tag-swedish","26":"tag-top-stories","27":"tag-topstories"},"share_on_mastodon":{"url":"https:\/\/pubeurope.com\/@se\/115793485379357794","error":""},"_links":{"self":[{"href":"https:\/\/www.europesays.com\/se\/wp-json\/wp\/v2\/posts\/118750","targetHints":{"allow":["GET"]}}],"collection":[{"href":"https:\/\/www.europesays.com\/se\/wp-json\/wp\/v2\/posts"}],"about":[{"href":"https:\/\/www.europesays.com\/se\/wp-json\/wp\/v2\/types\/post"}],"author":[{"embeddable":true,"href":"https:\/\/www.europesays.com\/se\/wp-json\/wp\/v2\/users\/2"}],"replies":[{"embeddable":true,"href":"https:\/\/www.europesays.com\/se\/wp-json\/wp\/v2\/comments?post=118750"}],"version-history":[{"count":0,"href":"https:\/\/www.europesays.com\/se\/wp-json\/wp\/v2\/posts\/118750\/revisions"}],"wp:featuredmedia":[{"embeddable":true,"href":"https:\/\/www.europesays.com\/se\/wp-json\/wp\/v2\/media\/118751"}],"wp:attachment":[{"href":"https:\/\/www.europesays.com\/se\/wp-json\/wp\/v2\/media?parent=118750"}],"wp:term":[{"taxonomy":"category","embeddable":true,"href":"https:\/\/www.europesays.com\/se\/wp-json\/wp\/v2\/categories?post=118750"},{"taxonomy":"post_tag","embeddable":true,"href":"https:\/\/www.europesays.com\/se\/wp-json\/wp\/v2\/tags?post=118750"}],"curies":[{"name":"wp","href":"https:\/\/api.w.org\/{rel}","templated":true}]}}