{"id":118756,"date":"2025-12-27T21:03:17","date_gmt":"2025-12-27T21:03:17","guid":{"rendered":"https:\/\/www.europesays.com\/se\/118756\/"},"modified":"2025-12-27T21:03:17","modified_gmt":"2025-12-27T21:03:17","slug":"hammarby-varvar-sourou-kone-fran-asec-mimosas","status":"publish","type":"post","link":"https:\/\/www.europesays.com\/se\/118756\/","title":{"rendered":"Hammarby v\u00e4rvar Sourou Kon\u00e9 fr\u00e5n ASEC Mimosas"},"content":{"rendered":"<p><a data-test-tag=\"internal-link\" href=\"https:\/\/www.aftonbladet.se\/av\/daniel-kristoffersson\" class=\"hyperion-css-13ns1rr\" rel=\"nofollow noopener\" target=\"\" aria-label=\"Se alla artiklar av Daniel Kristoffersson\"><img decoding=\"async\" class=\"image-asset hyperion-css-n6kkq1\" data-test-tag=\"image-asset\" src=\"https:\/\/www.europesays.com\/se\/wp-content\/uploads\/2025\/12\/1766869395_329_47a1d14f-3c52-4905-890d-45c65cb040ad\"  alt=\"\"  loading=\"lazy\" fetchpriority=\"auto\" style=\"aspect-ratio:1900 \/ 1900\"\/><\/a>share-arrowDela<\/p>\n<p>unsaveSpara<\/p>\n<p>expand-left<\/p>\n<p>helsk\u00e4rm<img decoding=\"async\" class=\"image-asset hyperion-css-u06ts1\" data-test-tag=\"image-asset\" src=\"https:\/\/www.europesays.com\/se\/wp-content\/uploads\/2025\/12\/0b7a1af6-4b29-4129-8447-c51c50e5428f\"  alt=\"\"  loading=\"eager\" fetchpriority=\"high\" style=\"aspect-ratio:1900 \/ 994\"\/><\/p>\n<p class=\"hyperion-css-1shl3oz\" data-test-tag=\"lead-text\">H\u00e4r \u00e4r Hammarbys senaste nyf\u00f6rv\u00e4rv. <\/p>\n<p class=\"hyperion-css-1shl3oz\" data-test-tag=\"lead-text\">Enligt Sportbladets uppgifter ansluter mittf\u00e4ltaren Sourou Kon\u00e9 fr\u00e5n ASEC Mimosas i januari. <\/p>\n<p class=\"hyperion-css-1v9qo5x\">Hammarby har varit framg\u00e5ngsrika n\u00e4r det g\u00e4ller att v\u00e4rva talanger fr\u00e5n V\u00e4stafrika och d\u00e4r har klubben varit nere p\u00e5 ett par scoutingresor den senaste tiden. <\/p>\n<p class=\"hyperion-css-1v9qo5x\">Bland annat har Hammarby v\u00e4rvat flera spelare fr\u00e5n ASEC Mimosas i <a data-test-tag=\"internal-link\" href=\"https:\/\/www.aftonbladet.se\/tagg\/elfenbenskusten\" class=\"hyperion-css-15jkft9\" rel=\"nofollow noopener\" target=\"\" aria-label=\"Elfenbenskusten\" theme=\"sportbladet\">Elfenbenskusten<\/a>. Spelare som senare s\u00e5lts vidare f\u00f6r m\u00e5ngmiljonbelopp. <\/p>\n<p>Ansluter n\u00e4r han fyller 18<\/p>\n<p class=\"hyperion-css-1v9qo5x\">D\u00e4r sticker spelare som Bazoumana Tour\u00e9 och Kossounou Odilon ut. Tour\u00e9 blev en <a data-test-tag=\"internal-link\" href=\"https:\/\/www.aftonbladet.se\/sportbladet\/fotboll\/a\/73o7M4\/hammarby-saljer-bazoumana-toure-i-allsvensk-rekordaffar\" class=\"hyperion-css-15jkft9\" rel=\"nofollow noopener\" target=\"\" aria-label=\"rekordf\u00f6rs\u00e4ljning \" theme=\"sportbladet\">rekordf\u00f6rs\u00e4ljning <\/a>n\u00e4r han s\u00e5ldes till TSG Hoffenheim i en aff\u00e4r v\u00e4rd totalt 160 miljoner kronor och Odilon s\u00e5ldes till Club Brugge, tillh\u00f6r just nu Bayer Leverkusen men \u00e4r utl\u00e5nad till Atalanta i Serie A. <\/p>\n<p class=\"hyperion-css-1v9qo5x\">\u00c4ven Elohim Kabor\u00e9 v\u00e4rvades fr\u00e5n ASEC Mimosas. <\/p>\n<p class=\"hyperion-css-1v9qo5x\">Nu har Hammarby gjort klart med en ny spelare fr\u00e5n samma klubb. <\/p>\n<p class=\"hyperion-css-1v9qo5x\">Det handlar om Sourou Kon\u00e9, erfar Sportbladet. <\/p>\n<p class=\"hyperion-css-1v9qo5x\">Mittf\u00e4ltaren \u00e4r 17 \u00e5r men kommer att ansluta till Hammarby n\u00e4r han fyller 18 \u00e5r i januari. <br \/>Alla parter \u00e4r helt \u00f6verens och aff\u00e4ren v\u00e4ntas bli officiell inom de n\u00e4rmaste veckorna.<\/p>\n","protected":false},"excerpt":{"rendered":"share-arrowDela unsaveSpara expand-left helsk\u00e4rm H\u00e4r \u00e4r Hammarbys senaste nyf\u00f6rv\u00e4rv. Enligt Sportbladets uppgifter ansluter mittf\u00e4ltaren Sourou Kon\u00e9 fr\u00e5n ASEC&hellip;\n","protected":false},"author":2,"featured_media":118757,"comment_status":"","ping_status":"","sticky":false,"template":"","format":"standard","meta":{"footnotes":""},"categories":[68],"tags":[34,111,110,31,33,32,30],"class_list":{"0":"post-118756","1":"post","2":"type-post","3":"status-publish","4":"format-standard","5":"has-post-thumbnail","7":"category-sport","8":"tag-se","9":"tag-sport","10":"tag-sports","11":"tag-svenska","12":"tag-sverige","13":"tag-sweden","14":"tag-swedish"},"share_on_mastodon":{"url":"https:\/\/pubeurope.com\/@se\/115793560963612895","error":""},"_links":{"self":[{"href":"https:\/\/www.europesays.com\/se\/wp-json\/wp\/v2\/posts\/118756","targetHints":{"allow":["GET"]}}],"collection":[{"href":"https:\/\/www.europesays.com\/se\/wp-json\/wp\/v2\/posts"}],"about":[{"href":"https:\/\/www.europesays.com\/se\/wp-json\/wp\/v2\/types\/post"}],"author":[{"embeddable":true,"href":"https:\/\/www.europesays.com\/se\/wp-json\/wp\/v2\/users\/2"}],"replies":[{"embeddable":true,"href":"https:\/\/www.europesays.com\/se\/wp-json\/wp\/v2\/comments?post=118756"}],"version-history":[{"count":0,"href":"https:\/\/www.europesays.com\/se\/wp-json\/wp\/v2\/posts\/118756\/revisions"}],"wp:featuredmedia":[{"embeddable":true,"href":"https:\/\/www.europesays.com\/se\/wp-json\/wp\/v2\/media\/118757"}],"wp:attachment":[{"href":"https:\/\/www.europesays.com\/se\/wp-json\/wp\/v2\/media?parent=118756"}],"wp:term":[{"taxonomy":"category","embeddable":true,"href":"https:\/\/www.europesays.com\/se\/wp-json\/wp\/v2\/categories?post=118756"},{"taxonomy":"post_tag","embeddable":true,"href":"https:\/\/www.europesays.com\/se\/wp-json\/wp\/v2\/tags?post=118756"}],"curies":[{"name":"wp","href":"https:\/\/api.w.org\/{rel}","templated":true}]}}