{"id":118758,"date":"2025-12-27T21:10:31","date_gmt":"2025-12-27T21:10:31","guid":{"rendered":"https:\/\/www.europesays.com\/se\/118758\/"},"modified":"2025-12-27T21:10:31","modified_gmt":"2025-12-27T21:10:31","slug":"trafik-och-vader-folj-senaste-nytt","status":"publish","type":"post","link":"https:\/\/www.europesays.com\/se\/118758\/","title":{"rendered":"Trafik och v\u00e4der \u2013 f\u00f6lj senaste nytt"},"content":{"rendered":"<p>N\u00e4r VMA:t utf\u00e4rdades lj\u00f6d \u00e4ven utomhusvarningen Hesa Fredrik i G\u00e4vle.<\/p>\n<p>Joakim Jax, som arbetar p\u00e5 Trafikredaktionen p\u00e5 Sveriges Radio, beskriver dagen som \u201doerh\u00f6rt intensiv\u201d.<\/p>\n<p>\u2013 Det har varit full rulle, s\u00e4ger han.<\/p>\n<p>Han p\u00e5pekar hur ovanligt det \u00e4r att Trafikverket utf\u00e4rdade ett viktigt meddelande till allm\u00e4nheten, ett VMA.<\/p>\n<p>\u2013 Det vanligaste VMA:t \u00e4r f\u00f6r farlig r\u00f6k eller bombhot, men den h\u00e4r typen av VMA \u00e4r v\u00e4ldigt ovanlig.<\/p>\n<p>Varf\u00f6r Hesa Fredrik lj\u00f6d i G\u00e4vle kan han inte svara p\u00e5.<\/p>\n<p>\u2013 Men jag kan t\u00e4nka mig att de absolut inte vill ha ut mer trafik p\u00e5 v\u00e4garna nu inf\u00f6r natten och kv\u00e4llen, s\u00e4ger Jax.<\/p>\n<p>SVT s\u00f6ker Trafikverket.<\/p>\n","protected":false},"excerpt":{"rendered":"N\u00e4r VMA:t utf\u00e4rdades lj\u00f6d \u00e4ven utomhusvarningen Hesa Fredrik i G\u00e4vle. Joakim Jax, som arbetar p\u00e5 Trafikredaktionen p\u00e5 Sveriges&hellip;\n","protected":false},"author":2,"featured_media":118759,"comment_status":"","ping_status":"","sticky":false,"template":"","format":"standard","meta":{"footnotes":""},"categories":[5],"tags":[22,23,26,27,17,21,24,25,28,29,15,16,18,34,31,33,32,30,19,20],"class_list":{"0":"post-118758","1":"post","2":"type-post","3":"status-publish","4":"format-standard","5":"has-post-thumbnail","7":"category-rubriker","8":"tag-breaking-news","9":"tag-breakingnews","10":"tag-featured-news","11":"tag-featurednews","12":"tag-headlines","13":"tag-huvudnyheter","14":"tag-latest-news","15":"tag-latestnews","16":"tag-main-news","17":"tag-mainnews","18":"tag-news","19":"tag-nyheter","20":"tag-rubriker","21":"tag-se","22":"tag-svenska","23":"tag-sverige","24":"tag-sweden","25":"tag-swedish","26":"tag-top-stories","27":"tag-topstories"},"share_on_mastodon":{"url":"https:\/\/pubeurope.com\/@se\/115793587324271393","error":""},"_links":{"self":[{"href":"https:\/\/www.europesays.com\/se\/wp-json\/wp\/v2\/posts\/118758","targetHints":{"allow":["GET"]}}],"collection":[{"href":"https:\/\/www.europesays.com\/se\/wp-json\/wp\/v2\/posts"}],"about":[{"href":"https:\/\/www.europesays.com\/se\/wp-json\/wp\/v2\/types\/post"}],"author":[{"embeddable":true,"href":"https:\/\/www.europesays.com\/se\/wp-json\/wp\/v2\/users\/2"}],"replies":[{"embeddable":true,"href":"https:\/\/www.europesays.com\/se\/wp-json\/wp\/v2\/comments?post=118758"}],"version-history":[{"count":0,"href":"https:\/\/www.europesays.com\/se\/wp-json\/wp\/v2\/posts\/118758\/revisions"}],"wp:featuredmedia":[{"embeddable":true,"href":"https:\/\/www.europesays.com\/se\/wp-json\/wp\/v2\/media\/118759"}],"wp:attachment":[{"href":"https:\/\/www.europesays.com\/se\/wp-json\/wp\/v2\/media?parent=118758"}],"wp:term":[{"taxonomy":"category","embeddable":true,"href":"https:\/\/www.europesays.com\/se\/wp-json\/wp\/v2\/categories?post=118758"},{"taxonomy":"post_tag","embeddable":true,"href":"https:\/\/www.europesays.com\/se\/wp-json\/wp\/v2\/tags?post=118758"}],"curies":[{"name":"wp","href":"https:\/\/api.w.org\/{rel}","templated":true}]}}