{"id":118760,"date":"2025-12-27T21:14:47","date_gmt":"2025-12-27T21:14:47","guid":{"rendered":"https:\/\/www.europesays.com\/se\/118760\/"},"modified":"2025-12-27T21:14:47","modified_gmt":"2025-12-27T21:14:47","slug":"noel-hansson-fortsatter-i-fff-vill-visa-upp-mig-sjalv-pa-basta-satt","status":"publish","type":"post","link":"https:\/\/www.europesays.com\/se\/118760\/","title":{"rendered":"Noel Hansson forts\u00e4tter i FFF: \u201dVill visa upp mig sj\u00e4lv p\u00e5 b\u00e4sta s\u00e4tt\u201d"},"content":{"rendered":"<p>\n\t\t<b>Mittbacken Noel Hansson f\u00f6rl\u00e4nger sitt kontrakt med Falkenbergs FF. 25-\u00e5ringen \u00e4r klar f\u00f6r ett \u00e5r till i den gulvita dressen.<\/b>\n\t<\/p>\n<p>Noel Hansson ansl\u00f6t till FFF fr\u00e5n Lunds BK inf\u00f6r s\u00e4songen 2024. Han startade i samtliga 30 seriematcher och gjorde fem m\u00e5l \u2013 bland annat 1-0-m\u00e5let i uppflyttningsmatchen mot BK Olympic \u2013 n\u00e4r FFF avancerade till Superettan f\u00f6rra \u00e5ret. Den g\u00e5ngna s\u00e4songen spelade han 20 matcher, varav elva fr\u00e5n start, i Superettan. Nu har Noel Hansson och FFF kommit \u00f6verens om ett nytt ett\u00e5rskontrakt.<br \/>\u2013 Det k\u00e4nns bra att allt \u00e4r klar nu inf\u00f6r 2026 och att f\u00e5 vara med p\u00e5 resan \u00e4ven n\u00e4sta s\u00e4song. Jag hade ett v\u00e4ldigt bra f\u00f6rsta \u00e5r h\u00e4r 2024, medan jag detta \u00e5r haft lite f\u00f6r mycket problem med sm\u00e5skador. Nu vill jag visa upp mig sj\u00e4lv p\u00e5 b\u00e4sta s\u00e4tt och f\u00f6rhoppningsvis f\u00e5r vi till ett \u00e4nnu b\u00e4ttre resultat kommande \u00e5r \u00e4n vad vi lyckades med f\u00f6reg\u00e5ende s\u00e4song. Jag trivs otroligt bra i klubben och staden \u2013 inte minst med mina grymma lagkamrater. Jag l\u00e4ngtar efter att f\u00e5 gasa ig\u00e5ng det nya \u00e5ret! s\u00e4ger Noel Hansson.<\/p>\n<p>Sportchef Andreas Jankevics \u00e4r n\u00f6jd \u00f6ver att parterna kunde enas om en forts\u00e4ttning f\u00f6r Noel Hansson i Falkenbergs FF.<br \/>\u2013 Vi \u00e4r glada \u00f6ver att Noel v\u00e4ljer att forts\u00e4tta representera Falkenbergs FF. Noel har m\u00e5nga goda egenskaper som f\u00f6rsvarsspelare, exempelvis hans starka huvudspel och fina passningsfot, och vi vet vilken h\u00f6g h\u00f6gstaniv\u00e5 han besitter. Med Noels avtal p\u00e5 plats k\u00e4nner vi att vi har en stark backbes\u00e4ttning d\u00e4r konkurrensen \u00e4r h\u00f6g, s\u00e4ger Andreas Jankevics.<\/p>\n<p>Foto: Robert Boman<\/p>\n","protected":false},"excerpt":{"rendered":"Mittbacken Noel Hansson f\u00f6rl\u00e4nger sitt kontrakt med Falkenbergs FF. 25-\u00e5ringen \u00e4r klar f\u00f6r ett \u00e5r till i den&hellip;\n","protected":false},"author":2,"featured_media":118761,"comment_status":"","ping_status":"","sticky":false,"template":"","format":"standard","meta":{"footnotes":""},"categories":[68],"tags":[34,111,110,31,33,32,30],"class_list":{"0":"post-118760","1":"post","2":"type-post","3":"status-publish","4":"format-standard","5":"has-post-thumbnail","7":"category-sport","8":"tag-se","9":"tag-sport","10":"tag-sports","11":"tag-svenska","12":"tag-sverige","13":"tag-sweden","14":"tag-swedish"},"share_on_mastodon":{"url":"https:\/\/pubeurope.com\/@se\/115793606896176084","error":""},"_links":{"self":[{"href":"https:\/\/www.europesays.com\/se\/wp-json\/wp\/v2\/posts\/118760","targetHints":{"allow":["GET"]}}],"collection":[{"href":"https:\/\/www.europesays.com\/se\/wp-json\/wp\/v2\/posts"}],"about":[{"href":"https:\/\/www.europesays.com\/se\/wp-json\/wp\/v2\/types\/post"}],"author":[{"embeddable":true,"href":"https:\/\/www.europesays.com\/se\/wp-json\/wp\/v2\/users\/2"}],"replies":[{"embeddable":true,"href":"https:\/\/www.europesays.com\/se\/wp-json\/wp\/v2\/comments?post=118760"}],"version-history":[{"count":0,"href":"https:\/\/www.europesays.com\/se\/wp-json\/wp\/v2\/posts\/118760\/revisions"}],"wp:featuredmedia":[{"embeddable":true,"href":"https:\/\/www.europesays.com\/se\/wp-json\/wp\/v2\/media\/118761"}],"wp:attachment":[{"href":"https:\/\/www.europesays.com\/se\/wp-json\/wp\/v2\/media?parent=118760"}],"wp:term":[{"taxonomy":"category","embeddable":true,"href":"https:\/\/www.europesays.com\/se\/wp-json\/wp\/v2\/categories?post=118760"},{"taxonomy":"post_tag","embeddable":true,"href":"https:\/\/www.europesays.com\/se\/wp-json\/wp\/v2\/tags?post=118760"}],"curies":[{"name":"wp","href":"https:\/\/api.w.org\/{rel}","templated":true}]}}