{"id":118762,"date":"2025-12-27T21:22:09","date_gmt":"2025-12-27T21:22:09","guid":{"rendered":"https:\/\/www.europesays.com\/se\/118762\/"},"modified":"2025-12-27T21:22:09","modified_gmt":"2025-12-27T21:22:09","slug":"trumps-fredsplan-for-gaza-haltar-svart-fa-ihop-internationell-styrka","status":"publish","type":"post","link":"https:\/\/www.europesays.com\/se\/118762\/","title":{"rendered":"Trumps fredsplan f\u00f6r Gaza haltar \u2013 sv\u00e5rt f\u00e5 ihop internationell styrka"},"content":{"rendered":"<p>Fr\u00e5gan om framtiden h\u00e4nger som en skugga \u00f6ver Gaza. Kustremsan \u00e4r i dag uppdelad i tv\u00e5 delar. En del mot havet, med tv\u00e5 miljoner inv\u00e5nare och d\u00e4r terrorgruppen Hamas genom offentliga avr\u00e4ttningar och misshandel av kritiker \u00e5tertagit full kontroll. Samt en n\u00e5got st\u00f6rre del som str\u00e4cker sig l\u00e4ngs gr\u00e4nsen till Israel och Egypten och som kontrolleras av den israeliska arm\u00e9n.<\/p>\n<p>S\u00e5 f\u00f6rblir det tills det finns en internationell styrka p\u00e5 plats och Hamas avv\u00e4pnas, enligt Trumps plan, men hittills har det g\u00e5tt tr\u00f6gt med rekryteringen till styrkan. Detta trots att presidenten i oktober p\u00e5stod att m\u00e5nga l\u00e4nder hade erbjudit sig att delta i insatsen.<\/p>\n","protected":false},"excerpt":{"rendered":"Fr\u00e5gan om framtiden h\u00e4nger som en skugga \u00f6ver Gaza. Kustremsan \u00e4r i dag uppdelad i tv\u00e5 delar. En&hellip;\n","protected":false},"author":2,"featured_media":118763,"comment_status":"","ping_status":"","sticky":false,"template":"","format":"standard","meta":{"footnotes":""},"categories":[5],"tags":[22,23,26,27,17,21,24,25,28,29,15,16,18,34,31,33,32,30,19,20],"class_list":{"0":"post-118762","1":"post","2":"type-post","3":"status-publish","4":"format-standard","5":"has-post-thumbnail","7":"category-rubriker","8":"tag-breaking-news","9":"tag-breakingnews","10":"tag-featured-news","11":"tag-featurednews","12":"tag-headlines","13":"tag-huvudnyheter","14":"tag-latest-news","15":"tag-latestnews","16":"tag-main-news","17":"tag-mainnews","18":"tag-news","19":"tag-nyheter","20":"tag-rubriker","21":"tag-se","22":"tag-svenska","23":"tag-sverige","24":"tag-sweden","25":"tag-swedish","26":"tag-top-stories","27":"tag-topstories"},"share_on_mastodon":{"url":"https:\/\/pubeurope.com\/@se\/115793634447801343","error":""},"_links":{"self":[{"href":"https:\/\/www.europesays.com\/se\/wp-json\/wp\/v2\/posts\/118762","targetHints":{"allow":["GET"]}}],"collection":[{"href":"https:\/\/www.europesays.com\/se\/wp-json\/wp\/v2\/posts"}],"about":[{"href":"https:\/\/www.europesays.com\/se\/wp-json\/wp\/v2\/types\/post"}],"author":[{"embeddable":true,"href":"https:\/\/www.europesays.com\/se\/wp-json\/wp\/v2\/users\/2"}],"replies":[{"embeddable":true,"href":"https:\/\/www.europesays.com\/se\/wp-json\/wp\/v2\/comments?post=118762"}],"version-history":[{"count":0,"href":"https:\/\/www.europesays.com\/se\/wp-json\/wp\/v2\/posts\/118762\/revisions"}],"wp:featuredmedia":[{"embeddable":true,"href":"https:\/\/www.europesays.com\/se\/wp-json\/wp\/v2\/media\/118763"}],"wp:attachment":[{"href":"https:\/\/www.europesays.com\/se\/wp-json\/wp\/v2\/media?parent=118762"}],"wp:term":[{"taxonomy":"category","embeddable":true,"href":"https:\/\/www.europesays.com\/se\/wp-json\/wp\/v2\/categories?post=118762"},{"taxonomy":"post_tag","embeddable":true,"href":"https:\/\/www.europesays.com\/se\/wp-json\/wp\/v2\/tags?post=118762"}],"curies":[{"name":"wp","href":"https:\/\/api.w.org\/{rel}","templated":true}]}}