{"id":118768,"date":"2025-12-27T21:33:14","date_gmt":"2025-12-27T21:33:14","guid":{"rendered":"https:\/\/www.europesays.com\/se\/118768\/"},"modified":"2025-12-27T21:33:14","modified_gmt":"2025-12-27T21:33:14","slug":"kommentatorn-lasse-granqvist-om-os-stormen-har-aldrig-glommer","status":"publish","type":"post","link":"https:\/\/www.europesays.com\/se\/118768\/","title":{"rendered":"Kommentatorn Lasse Granqvist om OS-stormen har aldrig gl\u00f6mmer"},"content":{"rendered":"<p>F\u00f6rst var det r\u00f6sten vi fick l\u00e4ra k\u00e4nna i Radiosporten. Sedan tog han steget till tv och r\u00f6sten fick ett ansikte.<\/p>\n<p>I Milano g\u00f6r den folkk\u00e4re kommentatorn och sportjournalisten Lasse Granqvist OS-comeback.<\/p>\n<p>H\u00e4r ber\u00e4ttar han om n\u00e4r han och Ralf Edstr\u00f6m var ensamma i en beckm\u00f6rk arena, om n\u00e4r han blev anm\u00e4ld till Granskningsn\u00e4mnden f\u00f6r att \u201duttryckt sig nedl\u00e5tande om svenska medborgare i tj\u00e4nst i utomlands\u201d och om mejlet som han aldrig gl\u00f6mmer.<\/p>\n","protected":false},"excerpt":{"rendered":"F\u00f6rst var det r\u00f6sten vi fick l\u00e4ra k\u00e4nna i Radiosporten. Sedan tog han steget till tv och r\u00f6sten&hellip;\n","protected":false},"author":2,"featured_media":118769,"comment_status":"","ping_status":"","sticky":false,"template":"","format":"standard","meta":{"footnotes":""},"categories":[68],"tags":[34,111,110,31,33,32,30],"class_list":{"0":"post-118768","1":"post","2":"type-post","3":"status-publish","4":"format-standard","5":"has-post-thumbnail","7":"category-sport","8":"tag-se","9":"tag-sport","10":"tag-sports","11":"tag-svenska","12":"tag-sverige","13":"tag-sweden","14":"tag-swedish"},"share_on_mastodon":{"url":"https:\/\/pubeurope.com\/@se\/115793677798337459","error":""},"_links":{"self":[{"href":"https:\/\/www.europesays.com\/se\/wp-json\/wp\/v2\/posts\/118768","targetHints":{"allow":["GET"]}}],"collection":[{"href":"https:\/\/www.europesays.com\/se\/wp-json\/wp\/v2\/posts"}],"about":[{"href":"https:\/\/www.europesays.com\/se\/wp-json\/wp\/v2\/types\/post"}],"author":[{"embeddable":true,"href":"https:\/\/www.europesays.com\/se\/wp-json\/wp\/v2\/users\/2"}],"replies":[{"embeddable":true,"href":"https:\/\/www.europesays.com\/se\/wp-json\/wp\/v2\/comments?post=118768"}],"version-history":[{"count":0,"href":"https:\/\/www.europesays.com\/se\/wp-json\/wp\/v2\/posts\/118768\/revisions"}],"wp:featuredmedia":[{"embeddable":true,"href":"https:\/\/www.europesays.com\/se\/wp-json\/wp\/v2\/media\/118769"}],"wp:attachment":[{"href":"https:\/\/www.europesays.com\/se\/wp-json\/wp\/v2\/media?parent=118768"}],"wp:term":[{"taxonomy":"category","embeddable":true,"href":"https:\/\/www.europesays.com\/se\/wp-json\/wp\/v2\/categories?post=118768"},{"taxonomy":"post_tag","embeddable":true,"href":"https:\/\/www.europesays.com\/se\/wp-json\/wp\/v2\/tags?post=118768"}],"curies":[{"name":"wp","href":"https:\/\/api.w.org\/{rel}","templated":true}]}}