{"id":118770,"date":"2025-12-27T21:34:15","date_gmt":"2025-12-27T21:34:15","guid":{"rendered":"https:\/\/www.europesays.com\/se\/118770\/"},"modified":"2025-12-27T21:34:15","modified_gmt":"2025-12-27T21:34:15","slug":"tomas-69-blev-pojken-pa-labyrintspelet-syns-over-hela-varlden-norra-skane","status":"publish","type":"post","link":"https:\/\/www.europesays.com\/se\/118770\/","title":{"rendered":"Tomas, 69, blev pojken p\u00e5 labyrintspelet \u2013 syns \u00f6ver hela v\u00e4rlden \u2013 Norra Sk\u00e5ne"},"content":{"rendered":"<p>I Tomas Lov\u00e9ns fotoatelj\u00e9 i Osby st\u00e5r tiden n\u00e4stan stilla. P\u00e5 hyllorna tr\u00e4ngs kameror, gamla reklambilder och f\u00f6rst\u00e5s \u2013 ett exemplar av Brios klassiska labyrintspel. Det \u00e4r ingen slump. Tomas pappa, Gert Lov\u00e9n, grundade Lov\u00e9ns Foto 1955 och blev snabbt Brios sj\u00e4lvklara fotograf. Under fem decennier levererade firman reklambilder till leksaksj\u00e4tten, och Tomas sj\u00e4lv \u2013 och ibland hans kompisar \u2013 fick ofta hoppa in som modeller.<\/p>\n","protected":false},"excerpt":{"rendered":"I Tomas Lov\u00e9ns fotoatelj\u00e9 i Osby st\u00e5r tiden n\u00e4stan stilla. P\u00e5 hyllorna tr\u00e4ngs kameror, gamla reklambilder och f\u00f6rst\u00e5s&hellip;\n","protected":false},"author":2,"featured_media":118771,"comment_status":"","ping_status":"","sticky":false,"template":"","format":"standard","meta":{"footnotes":""},"categories":[67],"tags":[104,34,31,33,32,30,105],"class_list":{"0":"post-118770","1":"post","2":"type-post","3":"status-publish","4":"format-standard","5":"has-post-thumbnail","7":"category-underhallning","8":"tag-entertainment","9":"tag-se","10":"tag-svenska","11":"tag-sverige","12":"tag-sweden","13":"tag-swedish","14":"tag-underhallning"},"share_on_mastodon":{"url":"https:\/\/pubeurope.com\/@se\/115793681651133217","error":""},"_links":{"self":[{"href":"https:\/\/www.europesays.com\/se\/wp-json\/wp\/v2\/posts\/118770","targetHints":{"allow":["GET"]}}],"collection":[{"href":"https:\/\/www.europesays.com\/se\/wp-json\/wp\/v2\/posts"}],"about":[{"href":"https:\/\/www.europesays.com\/se\/wp-json\/wp\/v2\/types\/post"}],"author":[{"embeddable":true,"href":"https:\/\/www.europesays.com\/se\/wp-json\/wp\/v2\/users\/2"}],"replies":[{"embeddable":true,"href":"https:\/\/www.europesays.com\/se\/wp-json\/wp\/v2\/comments?post=118770"}],"version-history":[{"count":0,"href":"https:\/\/www.europesays.com\/se\/wp-json\/wp\/v2\/posts\/118770\/revisions"}],"wp:featuredmedia":[{"embeddable":true,"href":"https:\/\/www.europesays.com\/se\/wp-json\/wp\/v2\/media\/118771"}],"wp:attachment":[{"href":"https:\/\/www.europesays.com\/se\/wp-json\/wp\/v2\/media?parent=118770"}],"wp:term":[{"taxonomy":"category","embeddable":true,"href":"https:\/\/www.europesays.com\/se\/wp-json\/wp\/v2\/categories?post=118770"},{"taxonomy":"post_tag","embeddable":true,"href":"https:\/\/www.europesays.com\/se\/wp-json\/wp\/v2\/tags?post=118770"}],"curies":[{"name":"wp","href":"https:\/\/api.w.org\/{rel}","templated":true}]}}