{"id":118772,"date":"2025-12-27T21:39:09","date_gmt":"2025-12-27T21:39:09","guid":{"rendered":"https:\/\/www.europesays.com\/se\/118772\/"},"modified":"2025-12-27T21:39:09","modified_gmt":"2025-12-27T21:39:09","slug":"oiks-jatteskalp-valdigt-stolt-over-laget-ostersunds-posten","status":"publish","type":"post","link":"https:\/\/www.europesays.com\/se\/118772\/","title":{"rendered":"\u00d6IK:s j\u00e4tteskalp: \u201dV\u00e4ldigt stolt \u00f6ver laget\u201d &#8211; \u00d6stersunds-Posten"},"content":{"rendered":"<ol>\n<li><a href=\"https:\/\/news.google.com\/rss\/articles\/CBMiekFVX3lxTE4wTlpLNVBpSE5fNUVTai04elFSck9Dd1RCQWloTjhvanl1c1F3RzNXTUQwNjZvWVZHU19tUjdIWWpmcVBYS3pRbEJ5dlJSLXhHbThYVDVqZUc2VS1ySTFxc21HSWNfeC1PQVZ3Ry13M28waEV2SlpTV3RB?oc=5\" target=\"_blank\" rel=\"nofollow noopener\">\u00d6IK:s j\u00e4tteskalp: \u201dV\u00e4ldigt stolt \u00f6ver laget\u201d<\/a>&nbsp;&nbsp;\u00d6stersunds-Posten<\/li>\n<li><a href=\"https:\/\/news.google.com\/rss\/articles\/CBMi1wFBVV95cUxOTms4bTZaQnZnaUxIeEZNQU9SdzBZMy02cl90Z1gyZW9pUkMzcFZZbjZtVnJsX2ZyNzVUV29CQndrcE9RSk9LTVQ4NkFub2doZG1LUFYzc0s3OTdKdnRGOFQ3RGs0RkJmbDNtNm5tVFRrYUpBQmx1M3Ayb0FVczdxeHhzcGlXd1gwSzh6cVM2bkRGVGFacU5HY0lOSDRjZC00VUY5anA1dndSZDNsaXhDLS1Qdk5ONWVzZ21mTGl1d1VnR0VORUZtd1dMbUs4RDR2ZFJlQVM4QQ?oc=5\" target=\"_blank\" rel=\"nofollow noopener\">Knall i Ume\u00e5 \u2013 succ\u00e9m\u00e5lvaktens svit br\u00f6ts<\/a>&nbsp;&nbsp;Aftonbladet<\/li>\n<li><a href=\"https:\/\/news.google.com\/rss\/articles\/CBMikAFBVV95cUxNTnQ1cEN6MkJyU0p1OXlLcktBMEx6SlRPakpWNkNZNklIVzlZc0VBRFlPQjFGLV85TmFJN0U5Y2dCeE9oU253aTh2R3AwRnNOZGc1X3BmTVZxTW1ISUZJM2dacnlqOW9MeXpUeUZRMDdrUEJhdXJPTU9jWDEzTDZhWDkwbEtaaG1EcmIzLUJmS0g?oc=5\" target=\"_blank\" rel=\"nofollow noopener\">Ishockey: Bj\u00f6rkl\u00f6vens segersvit bruten \u2013 f\u00f6ll tungt mot \u00d6stersund<\/a>&nbsp;&nbsp;SVT Nyheter<\/li>\n<li><a href=\"https:\/\/news.google.com\/rss\/articles\/CBMigwFBVV95cUxPMi1NTlcyRDRaVlV5aFlWZ2tvYWJKeXNkcVRUUmZBTzRSU0RlMEZKZHBXa1FSWEp2Rk9tWXNtZTBWUHRHbmY0ZjU0NHh3bkZwbWgxc1NzUk42OFItVTJ2Q1IzMHpyUHB4eXFpSnNuXy1QRVVIcTdobVVtTVpaamYycTJHcw?oc=5\" target=\"_blank\" rel=\"nofollow noopener\">H\u00e4r chockas serieledarna \u2013 fyra m\u00e5l p\u00e5 elva skott<\/a>&nbsp;&nbsp;HockeyNews<\/li>\n<li><a href=\"https:\/\/news.google.com\/rss\/articles\/CBMiiAFBVV95cUxNZUVWUF9WeEVfazRJeUcyN3phV1NIMnh2T2YwZU5YWGtOOUV5em9Ec2ZkRGlOa21OYlhqMV9nTzhib255MWZOOTY5Sk9KZ0p0dllTZ3h5V0J5aHFJVzY2dk5YbU12T1IxMFlyYzRNaGQ0LVF2S0k1Ti1EWVpXMUpDcnF3THhUWC1v?oc=5\" target=\"_blank\" rel=\"nofollow noopener\">Os\u00e4kert kring backen \u2013 klev av tr\u00e4ningen<\/a>&nbsp;&nbsp;Folkbladet<\/li>\n<\/ol>\n","protected":false},"excerpt":{"rendered":"\u00d6IK:s j\u00e4tteskalp: \u201dV\u00e4ldigt stolt \u00f6ver laget\u201d&nbsp;&nbsp;\u00d6stersunds-Posten Knall i Ume\u00e5 \u2013 succ\u00e9m\u00e5lvaktens svit br\u00f6ts&nbsp;&nbsp;Aftonbladet Ishockey: Bj\u00f6rkl\u00f6vens segersvit bruten \u2013&hellip;\n","protected":false},"author":2,"featured_media":118773,"comment_status":"","ping_status":"","sticky":false,"template":"","format":"standard","meta":{"footnotes":""},"categories":[5],"tags":[22,23,26,27,17,21,24,25,28,29,15,16,18,34,31,33,32,30,19,20],"class_list":{"0":"post-118772","1":"post","2":"type-post","3":"status-publish","4":"format-standard","5":"has-post-thumbnail","7":"category-rubriker","8":"tag-breaking-news","9":"tag-breakingnews","10":"tag-featured-news","11":"tag-featurednews","12":"tag-headlines","13":"tag-huvudnyheter","14":"tag-latest-news","15":"tag-latestnews","16":"tag-main-news","17":"tag-mainnews","18":"tag-news","19":"tag-nyheter","20":"tag-rubriker","21":"tag-se","22":"tag-svenska","23":"tag-sverige","24":"tag-sweden","25":"tag-swedish","26":"tag-top-stories","27":"tag-topstories"},"share_on_mastodon":{"url":"https:\/\/pubeurope.com\/@se\/115793701282840310","error":""},"_links":{"self":[{"href":"https:\/\/www.europesays.com\/se\/wp-json\/wp\/v2\/posts\/118772","targetHints":{"allow":["GET"]}}],"collection":[{"href":"https:\/\/www.europesays.com\/se\/wp-json\/wp\/v2\/posts"}],"about":[{"href":"https:\/\/www.europesays.com\/se\/wp-json\/wp\/v2\/types\/post"}],"author":[{"embeddable":true,"href":"https:\/\/www.europesays.com\/se\/wp-json\/wp\/v2\/users\/2"}],"replies":[{"embeddable":true,"href":"https:\/\/www.europesays.com\/se\/wp-json\/wp\/v2\/comments?post=118772"}],"version-history":[{"count":0,"href":"https:\/\/www.europesays.com\/se\/wp-json\/wp\/v2\/posts\/118772\/revisions"}],"wp:featuredmedia":[{"embeddable":true,"href":"https:\/\/www.europesays.com\/se\/wp-json\/wp\/v2\/media\/118773"}],"wp:attachment":[{"href":"https:\/\/www.europesays.com\/se\/wp-json\/wp\/v2\/media?parent=118772"}],"wp:term":[{"taxonomy":"category","embeddable":true,"href":"https:\/\/www.europesays.com\/se\/wp-json\/wp\/v2\/categories?post=118772"},{"taxonomy":"post_tag","embeddable":true,"href":"https:\/\/www.europesays.com\/se\/wp-json\/wp\/v2\/tags?post=118772"}],"curies":[{"name":"wp","href":"https:\/\/api.w.org\/{rel}","templated":true}]}}