{"id":118774,"date":"2025-12-27T21:41:28","date_gmt":"2025-12-27T21:41:28","guid":{"rendered":"https:\/\/www.europesays.com\/se\/118774\/"},"modified":"2025-12-27T21:41:28","modified_gmt":"2025-12-27T21:41:28","slug":"drommen-blev-sann-gidlof-nollade-djurgarden-i-globen-nya-ludvika-tidning","status":"publish","type":"post","link":"https:\/\/www.europesays.com\/se\/118774\/","title":{"rendered":"Dr\u00f6mmen blev sann \u2013 Gidl\u00f6f nollade Djurg\u00e5rden i Globen \u2013 Nya Ludvika Tidning"},"content":{"rendered":"<p>STOCKHOLM. Inf\u00f6r Djurg\u00e5rden borta p\u00e5 annandagen sa Leksands m\u00e5lvakt Marcus Gidl\u00f6f \u201den dr\u00f6mmatch att komma tillbaka i.\u201d<\/p>\n<p>Efter att Leksand vunnit med 5\u20130 lyste han av gl\u00e4dje och sj\u00e4lvf\u00f6rtroende.<\/p>\n<p>\u2013 Med den matchen och insatsen vi g\u00f6r var det j\u00e4tteroligt, s\u00e4ger han.<\/p>\n<p><img loading=\"lazy\" decoding=\"async\" width=\"980\" height=\"551\" class=\"article-image article-image--featured\" alt=\"Leksandsspelarna \u00e5ker fram f\u00f6r att gratulera Marcus Gidl\u00f6f till segern och den h\u00e5llna nollan efter 5\u20130 mot Djurg\u00e5rden.\" src=\"https:\/\/www.europesays.com\/se\/wp-content\/uploads\/2025\/12\/da08f9c9-b780-4ef8-859e-a7e2fff6fbc4.jpeg\"  \/><a class=\"article__lightbox-link\" href=\"https:\/\/static.bonniernews.se\/ba\/da08f9c9-b780-4ef8-859e-a7e2fff6fbc4.jpeg?crop=5868%2C3301%2Cx0%2Cy306&amp;width=1400&amp;format=pjpg&amp;auto=avif\" data-pswp-width=\"1400\" data-pswp-height=\"788\" data-pswp-caption=\"Leksandsspelarna \u00e5ker fram f\u00f6r att gratulera Marcus Gidl\u00f6f till segern och den h\u00e5llna nollan efter 5\u20130 mot Djurg\u00e5rden. Bild: MICHAEL CAMPANELLA\" data-pswp- rel=\"nofollow noopener\" target=\"_blank\">\u00d6ppna bild i helsk\u00e4rmsl\u00e4ge<\/a><\/p>\n<p class=\"txt-style-muted\" aria-hidden=\"true\">Leksandsspelarna \u00e5ker fram f\u00f6r att gratulera Marcus Gidl\u00f6f till segern och den h\u00e5llna nollan efter 5\u20130 mot Djurg\u00e5rden.<\/p>\n<p class=\"article__figcaption-attribution txt-style-muted\">Bild: MICHAEL CAMPANELLA<\/p>\n","protected":false},"excerpt":{"rendered":"STOCKHOLM. Inf\u00f6r Djurg\u00e5rden borta p\u00e5 annandagen sa Leksands m\u00e5lvakt Marcus Gidl\u00f6f \u201den dr\u00f6mmatch att komma tillbaka i.\u201d Efter&hellip;\n","protected":false},"author":2,"featured_media":118775,"comment_status":"","ping_status":"","sticky":false,"template":"","format":"standard","meta":{"footnotes":""},"categories":[68],"tags":[34,111,110,31,33,32,30],"class_list":{"0":"post-118774","1":"post","2":"type-post","3":"status-publish","4":"format-standard","5":"has-post-thumbnail","7":"category-sport","8":"tag-se","9":"tag-sport","10":"tag-sports","11":"tag-svenska","12":"tag-sverige","13":"tag-sweden","14":"tag-swedish"},"share_on_mastodon":{"url":"https:\/\/pubeurope.com\/@se\/115793709526192347","error":""},"_links":{"self":[{"href":"https:\/\/www.europesays.com\/se\/wp-json\/wp\/v2\/posts\/118774","targetHints":{"allow":["GET"]}}],"collection":[{"href":"https:\/\/www.europesays.com\/se\/wp-json\/wp\/v2\/posts"}],"about":[{"href":"https:\/\/www.europesays.com\/se\/wp-json\/wp\/v2\/types\/post"}],"author":[{"embeddable":true,"href":"https:\/\/www.europesays.com\/se\/wp-json\/wp\/v2\/users\/2"}],"replies":[{"embeddable":true,"href":"https:\/\/www.europesays.com\/se\/wp-json\/wp\/v2\/comments?post=118774"}],"version-history":[{"count":0,"href":"https:\/\/www.europesays.com\/se\/wp-json\/wp\/v2\/posts\/118774\/revisions"}],"wp:featuredmedia":[{"embeddable":true,"href":"https:\/\/www.europesays.com\/se\/wp-json\/wp\/v2\/media\/118775"}],"wp:attachment":[{"href":"https:\/\/www.europesays.com\/se\/wp-json\/wp\/v2\/media?parent=118774"}],"wp:term":[{"taxonomy":"category","embeddable":true,"href":"https:\/\/www.europesays.com\/se\/wp-json\/wp\/v2\/categories?post=118774"},{"taxonomy":"post_tag","embeddable":true,"href":"https:\/\/www.europesays.com\/se\/wp-json\/wp\/v2\/tags?post=118774"}],"curies":[{"name":"wp","href":"https:\/\/api.w.org\/{rel}","templated":true}]}}