{"id":118776,"date":"2025-12-27T21:42:22","date_gmt":"2025-12-27T21:42:22","guid":{"rendered":"https:\/\/www.europesays.com\/se\/118776\/"},"modified":"2025-12-27T21:42:22","modified_gmt":"2025-12-27T21:42:22","slug":"ikvall-pa-svt1-the-impossible-tom-holland-debuterade-med-smartfylld-katastroffilm-fran-2012","status":"publish","type":"post","link":"https:\/\/www.europesays.com\/se\/118776\/","title":{"rendered":"Ikv\u00e4ll p\u00e5 SVT1: &#8221;The Impossible&#8221; Tom Holland debuterade med sm\u00e4rtfylld katastroffilm fr\u00e5n 2012"},"content":{"rendered":"<p>2004 slog den stora jordb\u00e4vningen i Indiska oceanen till. 226 000 m\u00e4nniskor dog, och mer \u00e4n 5 miljoner blev heml\u00f6sa eller tvingades fly. \u00c5tta \u00e5r senare blev den hemska historien film, och den filmen \u00e4r \u201dThe Impossible\u201d.<\/p>\n<p>\u201dBer\u00f6r och g\u00f6r ont\u201d<\/p>\n<p>I filmen f\u00f6ljer vi den brittiska familjen Bennett (i verkligheten den spanska familjen Bel\u00f3n). De \u00e4r p\u00e5 semester i Khao Lak, Thailand, och kopplar av vid poolen p\u00e5 hotellet n\u00e4r den massiva tsunamin sk\u00f6ljer \u00f6ver dem.<\/p>\n<p>V\u00e5r <a href=\"https:\/\/www.moviezine.se\/recensioner\/verklighetstroget-sa-det-gor-ont-och-beror\" rel=\"nofollow noopener\" target=\"_blank\">recensent Lotta Zachrisson gav \u201dThe Impossible\u201d<\/a> en fyra i betyg, och beskrev filmen som \u201den n\u00e4rg\u00e5ngen inblick i en familjs skr\u00e4ckfyllda kamp mot tsunamin och f\u00f6rs\u00f6ken att hitta varandra efter\u00e5t. Det \u00e4r starkt, det ber\u00f6r och det g\u00f6r ont att se.\u201d<\/p>\n<p>L\u00e4s ocks\u00e5: <a href=\"https:\/\/www.moviezine.se\/nyheter\/5-filmer-med-tom-holland-som-du-inte-bor-missa\" title=\"5 filmer med Tom Holland som du inte b\u00f6r missa\" class=\"underline-custom !font-montserrat !font-bold !underline-offset-4 !decoration-4 !decoration-moviezine-green !text-md\" rel=\"nofollow noopener\" target=\"_blank\">5 filmer med Tom Holland som du inte b\u00f6r missa<\/a><\/p>\n<p>Parets \u00e4ldste son, 12-\u00e5rige Lucas, spelas av en spelfilmsdebuterande Tom Holland. Som numera \u00e4r mest k\u00e4nd som Spider-Man i storslagna Marvel-filmer. Han fick rollen tack vare en k\u00e4nslom\u00e4ssigt stark audition, som imponerade p\u00e5 regiss\u00f6ren J.A. Bayona.<\/p>\n<p>En grabb med scenvana<\/p>\n<p>Inte f\u00f6r att Tom var en gr\u00f6ng\u00f6ling, ens p\u00e5 den tiden. Efter att ha upptr\u00e4tt med sin skolgrupp p\u00e5 en dansfestival, blev han uppt\u00e4ckt och fick huvudrollen i musikalen \u201dBilly Elliott\u201d \u2013 en scenversion av den popul\u00e4ra filmen med samma namn fr\u00e5n 2000.<\/p>\n<p>Han hade ocks\u00e5 hunnit med att g\u00f6ra en av engelska r\u00f6sterna i Studio Ghibli-filmen \u201dL\u00e5naren Arrietty\u201d. Men spelfilmsdebuten kom allts\u00e5 med \u201dThe Impossible\u201d, och det blev starten p\u00e5 en karri\u00e4r som kom att g\u00f6ra honom till en v\u00e4rldsk\u00e4ndis.<\/p>\n<p>N\u00e4sta \u00e5r syns Tom Holland i Christopher Nolans \u201dThe Odyssey\u201d och n\u00e4sta Marvel-rulle, \u201dSpider-Man: Brave New Day\u201d. Ikv\u00e4ll kan du se var allting b\u00f6rjade.<\/p>\n<p><strong>H\u00e4r kan du se \u201dThe Impossible\u201d:<\/strong><\/p>\n<ul class=\"wp-block-list\">\n<li>Ikv\u00e4ll 27\/12 klockan 22:40 p\u00e5 SVT1<\/li>\n<li>Streama p\u00e5 SVT Play, Viaplay, Prime Video och Cineasterna<\/li>\n<li>Hyr eller k\u00f6p hos vod-tj\u00e4nster som SF Anytime, Viaplay, och Apple TV<\/li>\n<\/ul>\n<p>L\u00e4s ocks\u00e5: <a href=\"https:\/\/www.moviezine.se\/nyheter\/ta-en-forsta-titt-pa-anne-hathaway-och-tom-holland-i-the-odyssey\" title=\"Ta en f\u00f6rsta titt p\u00e5 Anne Hathaway och Tom Holland i \u201dThe Odyssey\u201d!\" class=\"underline-custom !font-montserrat !font-bold !underline-offset-4 !decoration-4 !decoration-moviezine-green !text-md\" rel=\"nofollow noopener\" target=\"_blank\">Ta en f\u00f6rsta titt p\u00e5 Anne Hathaway och Tom Holland i \u201dThe Odyssey\u201d!<\/a><\/p>\n<p>Kolla in trailern till \u201dThe Impossible\u201d h\u00e4r:<\/p>\n<p><img loading=\"lazy\" decoding=\"async\" alt=\"YouTube video\" width=\"480\" height=\"360\" data-pin-nopin=\"true\" nopin=\"nopin\" class=\"perfmatters-lazy\" src=\"https:\/\/www.europesays.com\/se\/wp-content\/uploads\/2025\/12\/1766871742_148_hqdefault.jpg\"\/><\/p>\n<p>L\u00e4s ocks\u00e5: <a href=\"https:\/\/www.moviezine.se\/nyheter\/trilogier-dar-trean-ar-basta-filmen\" title=\"10 trilogier d\u00e4r trean \u00e4r den b\u00e4sta filmen\" class=\"underline-custom !font-montserrat !font-bold !underline-offset-4 !decoration-4 !decoration-moviezine-green !text-md\" rel=\"nofollow noopener\" target=\"_blank\">10 trilogier d\u00e4r trean \u00e4r den b\u00e4sta filmen<\/a><\/p>\n<p>L\u00e4s ocks\u00e5: <a href=\"https:\/\/www.moviezine.se\/nyheter\/fred-astaires-anka-satter-krokben-for-tom-holland-film\" title=\"Fred\u00a0Astaires \u00e4nka s\u00e4tter krokben f\u00f6r Tom Holland-film\" class=\"underline-custom !font-montserrat !font-bold !underline-offset-4 !decoration-4 !decoration-moviezine-green !text-md\" rel=\"nofollow noopener\" target=\"_blank\">Fred\u00a0Astaires \u00e4nka s\u00e4tter krokben f\u00f6r Tom Holland-film<\/a><\/p>\n","protected":false},"excerpt":{"rendered":"2004 slog den stora jordb\u00e4vningen i Indiska oceanen till. 226 000 m\u00e4nniskor dog, och mer \u00e4n 5 miljoner&hellip;\n","protected":false},"author":2,"featured_media":118777,"comment_status":"","ping_status":"","sticky":false,"template":"","format":"standard","meta":{"footnotes":""},"categories":[67],"tags":[4865,104,34,31,33,32,30,2209,2768,105],"class_list":{"0":"post-118776","1":"post","2":"type-post","3":"status-publish","4":"format-standard","5":"has-post-thumbnail","7":"category-underhallning","8":"tag-disney","9":"tag-entertainment","10":"tag-se","11":"tag-svenska","12":"tag-sverige","13":"tag-sweden","14":"tag-swedish","15":"tag-trivia","16":"tag-tv-tips","17":"tag-underhallning"},"share_on_mastodon":{"url":"https:\/\/pubeurope.com\/@se\/115793713244451864","error":""},"_links":{"self":[{"href":"https:\/\/www.europesays.com\/se\/wp-json\/wp\/v2\/posts\/118776","targetHints":{"allow":["GET"]}}],"collection":[{"href":"https:\/\/www.europesays.com\/se\/wp-json\/wp\/v2\/posts"}],"about":[{"href":"https:\/\/www.europesays.com\/se\/wp-json\/wp\/v2\/types\/post"}],"author":[{"embeddable":true,"href":"https:\/\/www.europesays.com\/se\/wp-json\/wp\/v2\/users\/2"}],"replies":[{"embeddable":true,"href":"https:\/\/www.europesays.com\/se\/wp-json\/wp\/v2\/comments?post=118776"}],"version-history":[{"count":0,"href":"https:\/\/www.europesays.com\/se\/wp-json\/wp\/v2\/posts\/118776\/revisions"}],"wp:featuredmedia":[{"embeddable":true,"href":"https:\/\/www.europesays.com\/se\/wp-json\/wp\/v2\/media\/118777"}],"wp:attachment":[{"href":"https:\/\/www.europesays.com\/se\/wp-json\/wp\/v2\/media?parent=118776"}],"wp:term":[{"taxonomy":"category","embeddable":true,"href":"https:\/\/www.europesays.com\/se\/wp-json\/wp\/v2\/categories?post=118776"},{"taxonomy":"post_tag","embeddable":true,"href":"https:\/\/www.europesays.com\/se\/wp-json\/wp\/v2\/tags?post=118776"}],"curies":[{"name":"wp","href":"https:\/\/api.w.org\/{rel}","templated":true}]}}