{"id":118778,"date":"2025-12-27T21:47:09","date_gmt":"2025-12-27T21:47:09","guid":{"rendered":"https:\/\/www.europesays.com\/se\/118778\/"},"modified":"2025-12-27T21:47:09","modified_gmt":"2025-12-27T21:47:09","slug":"170-000-utan-el-i-finland-plan-blaste-av-banan","status":"publish","type":"post","link":"https:\/\/www.europesays.com\/se\/118778\/","title":{"rendered":"170\u00a0000 utan el i Finland \u2013 plan bl\u00e5ste av banan"},"content":{"rendered":"<p>Larmet om en potentiellt stor flygolycka kom vid 16-tiden lokal tid under l\u00f6rdagseftermiddagen. Nio r\u00e4ddningsenheter kallades till platsen, rapporterar tidningen Lapin Kansa.<\/p>\n<p>Enligt r\u00e4ddningstj\u00e4nsten har ett passagerarplan med cirka 150 personer ombord, samt ett mindre plan med f\u00e4rre \u00e4n tio personer, kanat sidledes av banan i den h\u00e5rda vinden och in i sn\u00f6vallen. <\/p>\n<p>Av\u00e5kningarna skedde i l\u00e5g hastighet och ingen uppges ha skadats.<\/p>\n<p>All flygtrafik till Kittil\u00e4, Rovaniemi och Ivalo i Lappland stoppades tillf\u00e4lligt under kv\u00e4llen. Det \u00e4r oklart n\u00e4r den kan \u00e5terupptas, uppgav Finavia f\u00f6r Yle. <\/p>\n<p>N\u00e4stan 170\u00a0000 drabbade<\/p>\n<p>Vinterstormen, som i Finland f\u00e5tt namnet Hannes, har gjort tusentals hush\u00e5ll str\u00f6ml\u00f6sa. Vid 20-tiden lokal tid var \u00f6ver 80\u00a0000 hush\u00e5ll utan el, klockan 22.30 var den siffran uppe i 170\u00a0000, enligt <a href=\"https:\/\/sahkokatkokartta.fi\/\" rel=\"nofollow noopener\" target=\"_blank\">Energiindustrins rf:s karta<\/a>. V\u00e4rst drabbat \u00e4r v\u00e4stra Finland.<\/p>\n<p>R\u00e4ddningstj\u00e4nsten har haft fullt upp i v\u00e4stra samt i norra Finland p\u00e5 grund av nerfallna tr\u00e4d och bortbl\u00e5sta tak. V\u00e4dret har orsakat trafikolyckor, men inga allvarliga skador har rapporterats.<\/p>\n<p>\u00c4ven i norra Norge har det bl\u00e5st kraftigt. Tr\u00e4d har fallit \u00f6ver hus och bilar och v\u00e4gar har st\u00e4ngts av, rapporterar NTB.<\/p>\n","protected":false},"excerpt":{"rendered":"Larmet om en potentiellt stor flygolycka kom vid 16-tiden lokal tid under l\u00f6rdagseftermiddagen. Nio r\u00e4ddningsenheter kallades till platsen,&hellip;\n","protected":false},"author":2,"featured_media":118779,"comment_status":"","ping_status":"","sticky":false,"template":"","format":"standard","meta":{"footnotes":""},"categories":[5],"tags":[22,23,26,27,17,21,24,25,28,29,15,16,18,34,31,33,32,30,19,20],"class_list":{"0":"post-118778","1":"post","2":"type-post","3":"status-publish","4":"format-standard","5":"has-post-thumbnail","7":"category-rubriker","8":"tag-breaking-news","9":"tag-breakingnews","10":"tag-featured-news","11":"tag-featurednews","12":"tag-headlines","13":"tag-huvudnyheter","14":"tag-latest-news","15":"tag-latestnews","16":"tag-main-news","17":"tag-mainnews","18":"tag-news","19":"tag-nyheter","20":"tag-rubriker","21":"tag-se","22":"tag-svenska","23":"tag-sverige","24":"tag-sweden","25":"tag-swedish","26":"tag-top-stories","27":"tag-topstories"},"share_on_mastodon":{"url":"https:\/\/pubeurope.com\/@se\/115793732751805068","error":""},"_links":{"self":[{"href":"https:\/\/www.europesays.com\/se\/wp-json\/wp\/v2\/posts\/118778","targetHints":{"allow":["GET"]}}],"collection":[{"href":"https:\/\/www.europesays.com\/se\/wp-json\/wp\/v2\/posts"}],"about":[{"href":"https:\/\/www.europesays.com\/se\/wp-json\/wp\/v2\/types\/post"}],"author":[{"embeddable":true,"href":"https:\/\/www.europesays.com\/se\/wp-json\/wp\/v2\/users\/2"}],"replies":[{"embeddable":true,"href":"https:\/\/www.europesays.com\/se\/wp-json\/wp\/v2\/comments?post=118778"}],"version-history":[{"count":0,"href":"https:\/\/www.europesays.com\/se\/wp-json\/wp\/v2\/posts\/118778\/revisions"}],"wp:featuredmedia":[{"embeddable":true,"href":"https:\/\/www.europesays.com\/se\/wp-json\/wp\/v2\/media\/118779"}],"wp:attachment":[{"href":"https:\/\/www.europesays.com\/se\/wp-json\/wp\/v2\/media?parent=118778"}],"wp:term":[{"taxonomy":"category","embeddable":true,"href":"https:\/\/www.europesays.com\/se\/wp-json\/wp\/v2\/categories?post=118778"},{"taxonomy":"post_tag","embeddable":true,"href":"https:\/\/www.europesays.com\/se\/wp-json\/wp\/v2\/tags?post=118778"}],"curies":[{"name":"wp","href":"https:\/\/api.w.org\/{rel}","templated":true}]}}