{"id":118782,"date":"2025-12-27T21:56:13","date_gmt":"2025-12-27T21:56:13","guid":{"rendered":"https:\/\/www.europesays.com\/se\/118782\/"},"modified":"2025-12-27T21:56:13","modified_gmt":"2025-12-27T21:56:13","slug":"08-derbyt-skots-upp-efter-pyro-undrar-vad-fan-som-hander","status":"publish","type":"post","link":"https:\/\/www.europesays.com\/se\/118782\/","title":{"rendered":"08-derbyt sk\u00f6ts upp \u2013 efter pyro: &#8221;Undrar vad fan som h\u00e4nder&#8221;"},"content":{"rendered":"<p><strong>08-derbyt mellan <a href=\"https:\/\/hockeysverige.se\/klubb\/aik-hockey\" rel=\"nofollow noopener\" target=\"_blank\">AIK<\/a> och <a href=\"https:\/\/hockeysverige.se\/klubb\/sodertalje-sk\" rel=\"nofollow noopener\" target=\"_blank\">S\u00f6dert\u00e4lje<\/a> sk\u00f6ts upp. <br \/>SSK-klacken t\u00f6mdes efter att en pyroteknisk pj\u00e4s ant\u00e4nts och det dr\u00f6jde l\u00e4nge innan matchen kunde komma ig\u00e5ng. <br \/>\u2013 Man g\u00e5r och v\u00e4ntar och undrar vad fan det \u00e4r som h\u00e4nder, s\u00e4ger S\u00f6dert\u00e4ljes lagkpten Patrik Zackrisson till TV4. <\/strong><\/p>\n<p>Det blev en tr\u00e5kig start p\u00e5 08-derbyt mellan AIK och S\u00f6dert\u00e4lje p\u00e5 Hovet. Redan innan spelarna \u00e5kte ut p\u00e5 isen ant\u00e4ndes en pyroteknisk pj\u00e4s i S\u00f6dert\u00e4lje-klacken, under ett tifo. Matchstarten sk\u00f6ts d\u00e4rf\u00f6r upp. <\/p>\n<p>\u2013 Jag vet att vi ska t\u00f6mma bortasektionen f\u00f6r att de har eldat n\u00e5got d\u00e4r. Vi f\u00e5r v\u00e4nta och se hur l\u00e4nge det tar, sade huvuddomaren Mikael Nord till TV4 i ett initialt l\u00e4ge.<\/p>\n<p>SSK-klacken t\u00f6mdes d\u00e4rf\u00f6r och \u00e5sk\u00e5darna p\u00e5 bortasektionen fick l\u00e4mna arenan tillf\u00e4lligt f\u00f6r att visiteras innan matchen kunde startas. Ordningsvakterna var uppe p\u00e5 l\u00e4ktarna men det tog v\u00e4ldigt l\u00e5ng tid f\u00f6r bortasektionen att t\u00f6mmas.<\/p>\n<p>\u2013 Det \u00e4r segt och tr\u00e5kigt. Man vill ju k\u00f6ra ig\u00e5ng. Det blir ett litet vakuum h\u00e4r nu, man g\u00e5r och v\u00e4ntar och undrar vad fan det \u00e4r som h\u00e4nder. Det var ju grym inramning fr\u00e5n v\u00e5rt h\u00e5ll, det \u00e4r kul och man vill ha det trycket varje match. Det \u00e4r synd bara att det blir s\u00e5 h\u00e4r, lite antiklimax, s\u00e4ger S\u00f6dert\u00e4ljes lagkapten <a href=\"https:\/\/hockeysverige.se\/spelare\/patrik-zackrisson\" rel=\"nofollow noopener\" target=\"_blank\">Patrik Zackrisson<\/a> till TV4. <\/p>\n<p>Efter att halva bortasektionen, den \u00f6vre halvan av SSK-klacken, l\u00e4mnat arenan ropade speakern ut att matchen \u00e4ntligen skulle komma ig\u00e5ng. Efter \u00f6ver 20 minuters v\u00e4ntan sl\u00e4pptes till slut pucken. Cirka fem minuter in i matchen b\u00f6rjade \u00e5sk\u00e5dare ocks\u00e5 sl\u00e4ppas tillbaka in p\u00e5 bortasektionen igen. Senare i f\u00f6rsta perioden var hela S\u00f6dert\u00e4lje-klacken tillbaka uppe p\u00e5 l\u00e4ktaren igen. <\/p>\n<p>Texten uppdateras\u2026<\/p>\n","protected":false},"excerpt":{"rendered":"08-derbyt mellan AIK och S\u00f6dert\u00e4lje sk\u00f6ts upp. SSK-klacken t\u00f6mdes efter att en pyroteknisk pj\u00e4s ant\u00e4nts och det dr\u00f6jde&hellip;\n","protected":false},"author":2,"featured_media":118783,"comment_status":"","ping_status":"","sticky":false,"template":"","format":"standard","meta":{"footnotes":""},"categories":[5],"tags":[22,23,26,27,17,621,21,24,25,28,29,15,16,18,34,31,33,32,30,19,379,20],"class_list":{"0":"post-118782","1":"post","2":"type-post","3":"status-publish","4":"format-standard","5":"has-post-thumbnail","7":"category-rubriker","8":"tag-breaking-news","9":"tag-breakingnews","10":"tag-featured-news","11":"tag-featurednews","12":"tag-headlines","13":"tag-hockeyallsvenskan","14":"tag-huvudnyheter","15":"tag-latest-news","16":"tag-latestnews","17":"tag-main-news","18":"tag-mainnews","19":"tag-news","20":"tag-nyheter","21":"tag-rubriker","22":"tag-se","23":"tag-svenska","24":"tag-sverige","25":"tag-sweden","26":"tag-swedish","27":"tag-top-stories","28":"tag-top-article","29":"tag-topstories"},"share_on_mastodon":{"url":"https:\/\/pubeurope.com\/@se\/115793768150170457","error":""},"_links":{"self":[{"href":"https:\/\/www.europesays.com\/se\/wp-json\/wp\/v2\/posts\/118782","targetHints":{"allow":["GET"]}}],"collection":[{"href":"https:\/\/www.europesays.com\/se\/wp-json\/wp\/v2\/posts"}],"about":[{"href":"https:\/\/www.europesays.com\/se\/wp-json\/wp\/v2\/types\/post"}],"author":[{"embeddable":true,"href":"https:\/\/www.europesays.com\/se\/wp-json\/wp\/v2\/users\/2"}],"replies":[{"embeddable":true,"href":"https:\/\/www.europesays.com\/se\/wp-json\/wp\/v2\/comments?post=118782"}],"version-history":[{"count":0,"href":"https:\/\/www.europesays.com\/se\/wp-json\/wp\/v2\/posts\/118782\/revisions"}],"wp:featuredmedia":[{"embeddable":true,"href":"https:\/\/www.europesays.com\/se\/wp-json\/wp\/v2\/media\/118783"}],"wp:attachment":[{"href":"https:\/\/www.europesays.com\/se\/wp-json\/wp\/v2\/media?parent=118782"}],"wp:term":[{"taxonomy":"category","embeddable":true,"href":"https:\/\/www.europesays.com\/se\/wp-json\/wp\/v2\/categories?post=118782"},{"taxonomy":"post_tag","embeddable":true,"href":"https:\/\/www.europesays.com\/se\/wp-json\/wp\/v2\/tags?post=118782"}],"curies":[{"name":"wp","href":"https:\/\/api.w.org\/{rel}","templated":true}]}}