{"id":118784,"date":"2025-12-27T22:03:10","date_gmt":"2025-12-27T22:03:10","guid":{"rendered":"https:\/\/www.europesays.com\/se\/118784\/"},"modified":"2025-12-27T22:03:10","modified_gmt":"2025-12-27T22:03:10","slug":"wesam-sam-i-trollhattan-bjod-in-till-julfirande-ingen-kom","status":"publish","type":"post","link":"https:\/\/www.europesays.com\/se\/118784\/","title":{"rendered":"Wesam Sam i Trollh\u00e4ttan bj\u00f6d in till julfirande \u2013 ingen kom"},"content":{"rendered":"<p>Publicerad 27 dec 2025 kl 18.00Uppdaterad kl 18.20<\/p>\n<p>Wesam Sam i Trollh\u00e4ttan bj\u00f6d in till ett stort julfirande i sin restaurang.<\/p>\n<p>Tanken var att ensamma och beh\u00f6vande kunde komma och f\u00e5 mat och julklappar.<\/p>\n<p>Men p\u00e5 julafton d\u00f6k ingen upp.<\/p>\n<p>\u2013 Jag \u00e4r inte besviken f\u00f6r det, s\u00e4ger Wesam.<\/p>\n<p><img   alt=\"\"\/><\/p>\n<p>Wesam Sam, 49, fr\u00e5n Trollh\u00e4ttan.<\/p>\n<p>Foto: Privat<\/p>\n<p>\u00d6ppna bild i helsk\u00e4rm<img loading=\"lazy\"   alt=\"\"\/><\/p>\n<p>Julmaten paketerade han sedan i boxar f\u00f6r att sk\u00e4nka bort till beh\u00f6vande.<\/p>\n<p>Foto: Privat<\/p>\n<p>\u00d6ppna bild i helsk\u00e4rm<img loading=\"lazy\"   alt=\"\"\/><\/p>\n<p>\u00c4ven Grinchen var p\u00e5 plats.<\/p>\n<p>Foto: Privat<\/p>\n<p>\u00d6ppna bild i helsk\u00e4rmArtikeln i korthet<\/p>\n<p> Wesam bj\u00f6d in till julfirande f\u00f6r ensamma \u2013 ingen kom.<\/p>\n<p> Maten och presenterna delades ist\u00e4llet ut till hj\u00e4lporganisationer och cancersjuka barn.<\/p>\n<p> Trots allt k\u00e4nner Wesam v\u00e4rme \u00f6ver att ha kunnat hj\u00e4lpa andra.<\/p>\n<p>Visa mer<\/p>\n<p>Wesam Sam, 49, driver restaurangen Tasty D\u00f6ner i <a href=\"https:\/\/www.expressen.se\/tagg\/location\/trollhattan\/\" class=\"\" rel=\"nofollow noopener\" target=\"_blank\">Trollh\u00e4ttan<\/a>. Tidigare jular har han skickat en slant till beh\u00f6vande i andra l\u00e4nder. Men i \u00e5r ville han och personalen g\u00f6ra n\u00e5got ut\u00f6ver det vanliga.<\/p>\n<p>Satsningen blev ett julfirande med presenter och mat f\u00f6r uppemot 350 personer. Han hade dessutom ordnat med b\u00e5de tomte och Grinchen.\u00a0<\/p>\n<p>Tanken var att m\u00e4nniskor som var ensamma p\u00e5 jul eller som inte hade r\u00e5d med julklappar och mat kunde fira tillsammans i restaurangen. N\u00e5got som <a href=\"https:\/\/www.ttela.se\/nyheter\/trollhattan\/wesam-satsade-pa-julen-forgaves-tomt-i-restaurangen.9c796b12-a8ae-4ad4-adcd-eed858a77441\" rel=\"nofollow noopener\" target=\"_blank\">TTELA<\/a> tidigare skrivit om.<\/p>\n<p>\u2013 Vi t\u00e4nkte att det skulle vara en j\u00e4ttebra id\u00e9, s\u00e4ger Wesam.\u00a0<\/p>\n<p><img loading=\"lazy\"   alt=\"\"\/><\/p>\n<p>Wesam hade fixat julklappar till barnen.<\/p>\n<p>Foto: Privat<\/p>\n<p>\u00d6ppna bild i helsk\u00e4rm<\/p>\n<p>Med hj\u00e4lp fr\u00e5n v\u00e4nner, privatpersoner och f\u00f6retag ordnade han en massa mat, godis och julklappar.\u00a0<\/p>\n<p>\u2013 Jag hade n\u00e5gon k\u00e4nsla av att antingen kommer det komma j\u00e4ttemycket folk, s\u00e5 jag garderade mig upp till 350 personer, eller s\u00e5 kommer det inte komma n\u00e5gon.<\/p>\n<p>Wesams k\u00e4nsla visade sig st\u00e4mma, f\u00f6r p\u00e5 julafton d\u00f6k ingen upp.<\/p>\n<p>Men han blev inte ledsen f\u00f6r det, trots att han lagt ner mycket tid och pengar p\u00e5 tillst\u00e4llningen.<\/p>\n<p>\u2013 Det kan vara k\u00e4nsligt. Det kan vara att folk har sv\u00e5rt att ta sig hit till restaurangen.<\/p>\n<p>Gav sig inte<\/p>\n<p>Wesam har best\u00e4mt sig f\u00f6r att dela ut maten till olika hj\u00e4lporganisationer i st\u00e4llet och ge presenterna till cancersjuka barn.\u00a0<\/p>\n<p>Efter\u00e5t har han \u00e4ven paketerat julmat i boxar och k\u00f6rt ut till dem som haft sv\u00e5rt att ta sig till restaurangen. Endast den gravade laxen beh\u00f6vde sl\u00e4ngas.<\/p>\n<p>Trots att ingen kom \u00e4r Wesam n\u00f6jd med initiativet och att han \u00e4nd\u00e5 lyckats hj\u00e4lpa m\u00e4nniskor.<\/p>\n<p>\u2013 Jag k\u00e4nner mig s\u00e5 varm om hj\u00e4rtat att jag har bidragit med n\u00e5gonting. Det lilla jag kan g\u00f6ra. Det \u00e4r det som ger mig en kick med att se andra m\u00e4nniskor bli glada.<\/p>\n","protected":false},"excerpt":{"rendered":"Publicerad 27 dec 2025 kl 18.00Uppdaterad kl 18.20 Wesam Sam i Trollh\u00e4ttan bj\u00f6d in till ett stort julfirande&hellip;\n","protected":false},"author":2,"featured_media":118785,"comment_status":"","ping_status":"","sticky":false,"template":"","format":"standard","meta":{"footnotes":""},"categories":[12],"tags":[22,23,26,27,17,21,24,25,2810,28,29,15,16,18,34,154,31,33,32,30,19,2830,965,5003,20],"class_list":{"0":"post-118784","1":"post","2":"type-post","3":"status-publish","4":"format-standard","5":"has-post-thumbnail","7":"category-sverige","8":"tag-breaking-news","9":"tag-breakingnews","10":"tag-featured-news","11":"tag-featurednews","12":"tag-headlines","13":"tag-huvudnyheter","14":"tag-latest-news","15":"tag-latestnews","16":"tag-location-trollhattan","17":"tag-main-news","18":"tag-mainnews","19":"tag-news","20":"tag-nyheter","21":"tag-rubriker","22":"tag-se","23":"tag-sections-sverige","24":"tag-svenska","25":"tag-sverige","26":"tag-sweden","27":"tag-swedish","28":"tag-top-stories","29":"tag-topic-jul","30":"tag-topic-restaurang","31":"tag-topic-valgorenhet","32":"tag-topstories"},"share_on_mastodon":{"url":"https:\/\/pubeurope.com\/@se\/115793795785708763","error":""},"_links":{"self":[{"href":"https:\/\/www.europesays.com\/se\/wp-json\/wp\/v2\/posts\/118784","targetHints":{"allow":["GET"]}}],"collection":[{"href":"https:\/\/www.europesays.com\/se\/wp-json\/wp\/v2\/posts"}],"about":[{"href":"https:\/\/www.europesays.com\/se\/wp-json\/wp\/v2\/types\/post"}],"author":[{"embeddable":true,"href":"https:\/\/www.europesays.com\/se\/wp-json\/wp\/v2\/users\/2"}],"replies":[{"embeddable":true,"href":"https:\/\/www.europesays.com\/se\/wp-json\/wp\/v2\/comments?post=118784"}],"version-history":[{"count":0,"href":"https:\/\/www.europesays.com\/se\/wp-json\/wp\/v2\/posts\/118784\/revisions"}],"wp:featuredmedia":[{"embeddable":true,"href":"https:\/\/www.europesays.com\/se\/wp-json\/wp\/v2\/media\/118785"}],"wp:attachment":[{"href":"https:\/\/www.europesays.com\/se\/wp-json\/wp\/v2\/media?parent=118784"}],"wp:term":[{"taxonomy":"category","embeddable":true,"href":"https:\/\/www.europesays.com\/se\/wp-json\/wp\/v2\/categories?post=118784"},{"taxonomy":"post_tag","embeddable":true,"href":"https:\/\/www.europesays.com\/se\/wp-json\/wp\/v2\/tags?post=118784"}],"curies":[{"name":"wp","href":"https:\/\/api.w.org\/{rel}","templated":true}]}}