{"id":118794,"date":"2025-12-27T22:18:09","date_gmt":"2025-12-27T22:18:09","guid":{"rendered":"https:\/\/www.europesays.com\/se\/118794\/"},"modified":"2025-12-27T22:18:09","modified_gmt":"2025-12-27T22:18:09","slug":"polen-bygger-dronarforsvar-for-20-miljarder","status":"publish","type":"post","link":"https:\/\/www.europesays.com\/se\/118794\/","title":{"rendered":"Polen bygger dr\u00f6narf\u00f6rsvar f\u00f6r 20 miljarder"},"content":{"rendered":"<p>share-arrowDela<\/p>\n<p>unsaveSpara<\/p>\n<p>expand-left<\/p>\n<p>helsk\u00e4rm<img decoding=\"async\" class=\"image-asset hyperion-css-u06ts1\" data-test-tag=\"image-asset\" src=\"https:\/\/www.europesays.com\/se\/wp-content\/uploads\/2025\/12\/077109a5-248f-4251-9e50-7363a45dd27d\"  alt=\"Bitr\u00e4dande f\u00f6rsvarsminister Cezary Tomczyk (till v\u00e4nster) och generalstabschef Wieslaw Kukula presenterar ett program som ska \u00f6ka s\u00e4kerheten vid Polens \u00f6stra gr\u00e4ns. Arkivbild.\"  loading=\"eager\" fetchpriority=\"high\" style=\"aspect-ratio:1900 \/ 1267\"\/>Bitr\u00e4dande f\u00f6rsvarsminister Cezary Tomczyk (till v\u00e4nster) och generalstabschef Wieslaw Kukula presenterar ett program som ska \u00f6ka s\u00e4kerheten vid Polens \u00f6stra gr\u00e4ns. Arkivbild. Foto: Czarek Sokolowski\/AP\/TT<\/p>\n<p class=\"hyperion-css-1shl3oz\" data-test-tag=\"lead-text\">Polen ska bygga ett antidr\u00f6narsystem l\u00e4ngs sin \u00f6stra gr\u00e4ns. Systemet ber\u00e4knas kosta drygt 20 miljarder kronor och \u00e4r t\u00e4nkt att st\u00e5 klart inom tv\u00e5 \u00e5r.<\/p>\n<p class=\"hyperion-css-1v9qo5x\">\u2013 Vi f\u00f6rv\u00e4ntar oss att de f\u00f6rsta delarna av systemet ska vara i drift om ungef\u00e4r sex m\u00e5nader, kanske redan tidigare. Och hela systemet kommer att ta 24 m\u00e5nader att f\u00e4rdigst\u00e4lla, s\u00e4ger polens bitr\u00e4dande f\u00f6rsvarsminister Cezary Tomczyk till The Guardian.<\/p>\n<p class=\"hyperion-css-1v9qo5x\">Under september har ett tiotal misst\u00e4nkta ryska dr\u00f6nare skickats in i polskt luftrum, vilket har lett till att flygplatser st\u00e4ngts, attackflygplan aktiverats och byggnader skadats n\u00e4r dr\u00f6nare har skjutits ner.<\/p>\n<p class=\"hyperion-css-1v9qo5x\">Tomczyk s\u00e4ger att projektet kommer att kosta omkring tv\u00e5 miljarder euro, drygt tjugo miljarder kronor, och att det huvudsakligen ska finansieras genom EU:s nyinr\u00e4ttade f\u00f6rsvarsfond Safe.<\/p>\n<p class=\"hyperion-css-1v9qo5x\">Luftv\u00e4rnet ska integreras med redan befintliga f\u00f6rsvarssystem och kommer att best\u00e5 av maskingev\u00e4r, kanoner, missiler och dr\u00f6narst\u00f6rningssystem.<\/p>\n","protected":false},"excerpt":{"rendered":"share-arrowDela unsaveSpara expand-left helsk\u00e4rmBitr\u00e4dande f\u00f6rsvarsminister Cezary Tomczyk (till v\u00e4nster) och generalstabschef Wieslaw Kukula presenterar ett program som ska&hellip;\n","protected":false},"author":2,"featured_media":118795,"comment_status":"","ping_status":"","sticky":false,"template":"","format":"standard","meta":{"footnotes":""},"categories":[14],"tags":[22,23,26,27,17,21,24,25,28,29,15,16,18,34,31,33,32,30,19,20,51,52,53,54],"class_list":{"0":"post-118794","1":"post","2":"type-post","3":"status-publish","4":"format-standard","5":"has-post-thumbnail","7":"category-varlden","8":"tag-breaking-news","9":"tag-breakingnews","10":"tag-featured-news","11":"tag-featurednews","12":"tag-headlines","13":"tag-huvudnyheter","14":"tag-latest-news","15":"tag-latestnews","16":"tag-main-news","17":"tag-mainnews","18":"tag-news","19":"tag-nyheter","20":"tag-rubriker","21":"tag-se","22":"tag-svenska","23":"tag-sverige","24":"tag-sweden","25":"tag-swedish","26":"tag-top-stories","27":"tag-topstories","28":"tag-varlden","29":"tag-world","30":"tag-world-news","31":"tag-worldnews"},"share_on_mastodon":{"url":"https:\/\/pubeurope.com\/@se\/115793854902919260","error":""},"_links":{"self":[{"href":"https:\/\/www.europesays.com\/se\/wp-json\/wp\/v2\/posts\/118794","targetHints":{"allow":["GET"]}}],"collection":[{"href":"https:\/\/www.europesays.com\/se\/wp-json\/wp\/v2\/posts"}],"about":[{"href":"https:\/\/www.europesays.com\/se\/wp-json\/wp\/v2\/types\/post"}],"author":[{"embeddable":true,"href":"https:\/\/www.europesays.com\/se\/wp-json\/wp\/v2\/users\/2"}],"replies":[{"embeddable":true,"href":"https:\/\/www.europesays.com\/se\/wp-json\/wp\/v2\/comments?post=118794"}],"version-history":[{"count":0,"href":"https:\/\/www.europesays.com\/se\/wp-json\/wp\/v2\/posts\/118794\/revisions"}],"wp:featuredmedia":[{"embeddable":true,"href":"https:\/\/www.europesays.com\/se\/wp-json\/wp\/v2\/media\/118795"}],"wp:attachment":[{"href":"https:\/\/www.europesays.com\/se\/wp-json\/wp\/v2\/media?parent=118794"}],"wp:term":[{"taxonomy":"category","embeddable":true,"href":"https:\/\/www.europesays.com\/se\/wp-json\/wp\/v2\/categories?post=118794"},{"taxonomy":"post_tag","embeddable":true,"href":"https:\/\/www.europesays.com\/se\/wp-json\/wp\/v2\/tags?post=118794"}],"curies":[{"name":"wp","href":"https:\/\/api.w.org\/{rel}","templated":true}]}}