{"id":118796,"date":"2025-12-27T22:19:08","date_gmt":"2025-12-27T22:19:08","guid":{"rendered":"https:\/\/www.europesays.com\/se\/118796\/"},"modified":"2025-12-27T22:19:08","modified_gmt":"2025-12-27T22:19:08","slug":"fristadstorget-isbana-oppnar-igen-efter-slask","status":"publish","type":"post","link":"https:\/\/www.europesays.com\/se\/118796\/","title":{"rendered":"Fristadstorget isbana \u00f6ppnar igen efter slask"},"content":{"rendered":"<p>Det krispiga v\u00e4dret har varit gynnsamt f\u00f6r skridskobanan p\u00e5 Fristadstorget som \u00e4r \u00e5kbar igen efter slasket.I boden intill kan den som vill l\u00e5na utrustning gratis.Cornelia Thunblad och Lisa Pantzar representerar Korpens hockeyskoj i Eskilstuna.Den h\u00e4r helgen \u00e4r det deras tur att serva \u00e5ksugna Eskilstunabor med skridskor och hj\u00e4lmar.\u2013 F\u00f6rra g\u00e5ngen vi var h\u00e4r l\u00e5nade vi u<\/p>\n","protected":false},"excerpt":{"rendered":"Det krispiga v\u00e4dret har varit gynnsamt f\u00f6r skridskobanan p\u00e5 Fristadstorget som \u00e4r \u00e5kbar igen efter slasket.I boden intill&hellip;\n","protected":false},"author":2,"featured_media":118797,"comment_status":"","ping_status":"","sticky":false,"template":"","format":"standard","meta":{"footnotes":""},"categories":[12],"tags":[22,23,26,27,17,21,24,25,28,29,15,16,18,34,31,33,32,30,19,20],"class_list":{"0":"post-118796","1":"post","2":"type-post","3":"status-publish","4":"format-standard","5":"has-post-thumbnail","7":"category-sverige","8":"tag-breaking-news","9":"tag-breakingnews","10":"tag-featured-news","11":"tag-featurednews","12":"tag-headlines","13":"tag-huvudnyheter","14":"tag-latest-news","15":"tag-latestnews","16":"tag-main-news","17":"tag-mainnews","18":"tag-news","19":"tag-nyheter","20":"tag-rubriker","21":"tag-se","22":"tag-svenska","23":"tag-sverige","24":"tag-sweden","25":"tag-swedish","26":"tag-top-stories","27":"tag-topstories"},"share_on_mastodon":{"url":"https:\/\/pubeurope.com\/@se\/115793858644131626","error":""},"_links":{"self":[{"href":"https:\/\/www.europesays.com\/se\/wp-json\/wp\/v2\/posts\/118796","targetHints":{"allow":["GET"]}}],"collection":[{"href":"https:\/\/www.europesays.com\/se\/wp-json\/wp\/v2\/posts"}],"about":[{"href":"https:\/\/www.europesays.com\/se\/wp-json\/wp\/v2\/types\/post"}],"author":[{"embeddable":true,"href":"https:\/\/www.europesays.com\/se\/wp-json\/wp\/v2\/users\/2"}],"replies":[{"embeddable":true,"href":"https:\/\/www.europesays.com\/se\/wp-json\/wp\/v2\/comments?post=118796"}],"version-history":[{"count":0,"href":"https:\/\/www.europesays.com\/se\/wp-json\/wp\/v2\/posts\/118796\/revisions"}],"wp:featuredmedia":[{"embeddable":true,"href":"https:\/\/www.europesays.com\/se\/wp-json\/wp\/v2\/media\/118797"}],"wp:attachment":[{"href":"https:\/\/www.europesays.com\/se\/wp-json\/wp\/v2\/media?parent=118796"}],"wp:term":[{"taxonomy":"category","embeddable":true,"href":"https:\/\/www.europesays.com\/se\/wp-json\/wp\/v2\/categories?post=118796"},{"taxonomy":"post_tag","embeddable":true,"href":"https:\/\/www.europesays.com\/se\/wp-json\/wp\/v2\/tags?post=118796"}],"curies":[{"name":"wp","href":"https:\/\/api.w.org\/{rel}","templated":true}]}}