{"id":118808,"date":"2025-12-27T22:41:08","date_gmt":"2025-12-27T22:41:08","guid":{"rendered":"https:\/\/www.europesays.com\/se\/118808\/"},"modified":"2025-12-27T22:41:08","modified_gmt":"2025-12-27T22:41:08","slug":"vma-utfardat-i-flera-lan-tva-doda-i-tradolyckor-svd","status":"publish","type":"post","link":"https:\/\/www.europesays.com\/se\/118808\/","title":{"rendered":"VMA utf\u00e4rdat i flera l\u00e4n \u2013 tv\u00e5 d\u00f6da i tr\u00e4dolyckor &#8211; SvD"},"content":{"rendered":"<ol>\n<li><a href=\"https:\/\/news.google.com\/rss\/articles\/CBMimwFBVV95cUxPQkRaLTZtN3JzeHlock1hbXBnMVF1V3BfUFlVdS1XSEFrMnZzRnNnZkdrVVh6UG1pUy16bU5zU3p5VWVaV0M5NkJ3cFE2OVZwQ0o1aWxWUlFVRVFRZWlweGdlRmQ1Q3lfdGc4emRZY0xrRkVuUzg4Z1lNbEs2OWxTZlVGdjhWeTZxT3NMR2hZMGVocUR1cmNLUEoyUQ?oc=5\" target=\"_blank\" rel=\"nofollow noopener\">VMA utf\u00e4rdat i flera l\u00e4n \u2013 tv\u00e5 d\u00f6da i tr\u00e4dolyckor<\/a>&nbsp;&nbsp;SvD<\/li>\n<li><a href=\"https:\/\/news.google.com\/rss\/articles\/CBMiZkFVX3lxTE4wSzNCd2syM2x5aTJ2RV85cGQtd2wtUjlTR1VyaHNwT3UwQUQ3dkVaSHJRRHVmQ0lrbVJUeUY0a0xDQzN0Zk1pR2cxUkVVQVF0ZWdWVElYdkJhN25YS0xSdVVzblNOQQ?oc=5\" target=\"_blank\" rel=\"nofollow noopener\">Stormen Johannes drar fram \u2013 man d\u00f6d av fallande tr\u00e4d<\/a>&nbsp;&nbsp;Aftonbladet<\/li>\n<li><a href=\"https:\/\/news.google.com\/rss\/articles\/CBMijgFBVV95cUxObXNHaU95QUc1cGNia3ktbWxKQkFsWVpjX1BkUWx4RHExaDVpZ09OWWJQWkpoa1c4eS0xNkxpVnBkU1FiMVZ2NzZNUFotTkJlM19pS2Itck8tQzlMZzZ4X19LWWwtTjRUalp1MXI4S3Q3bzNRZU11QnBGbnhlODI3UzlZVU9uOXotYi1TXzJn?oc=5\" target=\"_blank\" rel=\"nofollow noopener\">Man d\u00f6d \u2013 kl\u00e4mdes fast under tr\u00e4d i H\u00e4rn\u00f6sand<\/a>&nbsp;&nbsp;SVT Nyheter<\/li>\n<li><a href=\"https:\/\/news.google.com\/rss\/articles\/CBMiekFVX3lxTFBqMzZIT0VySThSWXRySkg2ejdDT0pLOVRVaHBMQVBNYWlMcjRDa3BxQnRrbGUzRzRIOEszNXRJVkxqMWp5WFY4V3ZlVGZoTXdOczk0VmxPbm5vQXEyZUJSX3NnRVVMcC1aVVVIY0hmSlZSM2VyUWtPeFR3?oc=5\" target=\"_blank\" rel=\"nofollow noopener\">Tv\u00e5 m\u00e4n d\u00f6da \u2013 fick fallande tr\u00e4d \u00f6ver sig<\/a>&nbsp;&nbsp;Omni<\/li>\n<li><a href=\"https:\/\/news.google.com\/rss\/articles\/CBMilwFBVV95cUxNc1Y1MDdBWmVYblh1amVya2VMNDJkRERlQW41MmFNSkhWWkFGZkxROEhlQUVUQmVzeE9iemlzRXFqT2ZHLTU5UV9pWVJsZGFhUjhENy0xcUhEbk9IVVNWVW5Wb1YxTF9yTDNhS2llbjNsSHh5ZUkyZ2swdldfbkN0OV9Ta2lCMDB0QUVnTV9uZ2NfdzZFaDFV?oc=5\" target=\"_blank\" rel=\"nofollow noopener\">Man d\u00f6d vid Kungsberget i Sandviken \u2013 fick tr\u00e4d \u00f6ver sig<\/a>&nbsp;&nbsp;Sveriges Radio<\/li>\n<\/ol>\n","protected":false},"excerpt":{"rendered":"VMA utf\u00e4rdat i flera l\u00e4n \u2013 tv\u00e5 d\u00f6da i tr\u00e4dolyckor&nbsp;&nbsp;SvD Stormen Johannes drar fram \u2013 man d\u00f6d av&hellip;\n","protected":false},"author":2,"featured_media":118809,"comment_status":"","ping_status":"","sticky":false,"template":"","format":"standard","meta":{"footnotes":""},"categories":[5],"tags":[22,23,26,27,17,21,24,25,28,29,15,16,18,34,31,33,32,30,19,20],"class_list":{"0":"post-118808","1":"post","2":"type-post","3":"status-publish","4":"format-standard","5":"has-post-thumbnail","7":"category-rubriker","8":"tag-breaking-news","9":"tag-breakingnews","10":"tag-featured-news","11":"tag-featurednews","12":"tag-headlines","13":"tag-huvudnyheter","14":"tag-latest-news","15":"tag-latestnews","16":"tag-main-news","17":"tag-mainnews","18":"tag-news","19":"tag-nyheter","20":"tag-rubriker","21":"tag-se","22":"tag-svenska","23":"tag-sverige","24":"tag-sweden","25":"tag-swedish","26":"tag-top-stories","27":"tag-topstories"},"share_on_mastodon":{"url":"https:\/\/pubeurope.com\/@se\/115793945088207599","error":""},"_links":{"self":[{"href":"https:\/\/www.europesays.com\/se\/wp-json\/wp\/v2\/posts\/118808","targetHints":{"allow":["GET"]}}],"collection":[{"href":"https:\/\/www.europesays.com\/se\/wp-json\/wp\/v2\/posts"}],"about":[{"href":"https:\/\/www.europesays.com\/se\/wp-json\/wp\/v2\/types\/post"}],"author":[{"embeddable":true,"href":"https:\/\/www.europesays.com\/se\/wp-json\/wp\/v2\/users\/2"}],"replies":[{"embeddable":true,"href":"https:\/\/www.europesays.com\/se\/wp-json\/wp\/v2\/comments?post=118808"}],"version-history":[{"count":0,"href":"https:\/\/www.europesays.com\/se\/wp-json\/wp\/v2\/posts\/118808\/revisions"}],"wp:featuredmedia":[{"embeddable":true,"href":"https:\/\/www.europesays.com\/se\/wp-json\/wp\/v2\/media\/118809"}],"wp:attachment":[{"href":"https:\/\/www.europesays.com\/se\/wp-json\/wp\/v2\/media?parent=118808"}],"wp:term":[{"taxonomy":"category","embeddable":true,"href":"https:\/\/www.europesays.com\/se\/wp-json\/wp\/v2\/categories?post=118808"},{"taxonomy":"post_tag","embeddable":true,"href":"https:\/\/www.europesays.com\/se\/wp-json\/wp\/v2\/tags?post=118808"}],"curies":[{"name":"wp","href":"https:\/\/api.w.org\/{rel}","templated":true}]}}