{"id":118812,"date":"2025-12-27T22:49:40","date_gmt":"2025-12-27T22:49:40","guid":{"rendered":"https:\/\/www.europesays.com\/se\/118812\/"},"modified":"2025-12-27T22:49:40","modified_gmt":"2025-12-27T22:49:40","slug":"vma-utfardat-livsfara-ute-pa-vagarna-hudiksvalls-tidning","status":"publish","type":"post","link":"https:\/\/www.europesays.com\/se\/118812\/","title":{"rendered":"VMA utf\u00e4rdat: \u201dLivsfara ute p\u00e5 v\u00e4garna\u201d &#8211; Hudiksvalls Tidning"},"content":{"rendered":"<ol>\n<li><a href=\"https:\/\/news.google.com\/rss\/articles\/CBMidEFVX3lxTFBoLVF5aG9VdVFBMjl5aVF0cnllRUVKbGowMFVXQWhJRUR1VkV6MGd3bWs4TV8zUkFTU3lOWFZZNVAyT3B1SzVaUElUc2U5bUlwTFJ5TlppNVRYTjF2MFhzVXZwdExEZ2gxSjFEQ2tzYV91cUlU?oc=5\" target=\"_blank\" rel=\"nofollow noopener\">VMA utf\u00e4rdat: \u201dLivsfara ute p\u00e5 v\u00e4garna\u201d<\/a>&nbsp;&nbsp;Hudiksvalls Tidning<\/li>\n<li><a href=\"https:\/\/news.google.com\/rss\/articles\/CBMiqAFBVV95cUxNTThjamVoVFFRVThPUmxhVW9ZRHdYRGFyZ1FjSFNfRGxfNEc2NmFDX0h1OUhCb0pUbGFHbW9JXzhwaU1NMlRDYm1IMmZvZG5qOGt2Q01oczhVTHZsZFQ2eHRjVEV4UU9sWWk1WG84aU9xWVFXRmMtV2MxMmdsYTduOUdWNk9yWDMzSXFLb1RLRlVRcElfY3g1TGZYUGx6TDNoeUxEQU15WUE?oc=5\" target=\"_blank\" rel=\"nofollow noopener\">H\u00e4r faller tr\u00e4d \u00f6ver flera v\u00e4gar i G\u00e4vleborgs l\u00e4n till f\u00f6ljd av stormen Johannes<\/a>&nbsp;&nbsp;SVT Nyheter<\/li>\n<li><a href=\"https:\/\/news.google.com\/rss\/articles\/CBMinAFBVV95cUxPaGdoWXFmQVNKZjVhS09NY2RYSTVCTE10OGpUSjRZQ1l3Ym80VXJieFFwVlZabmI1ZzFzRHExZkpfWm1GX1E1ekN2ZnhlRURQSkNBbE51U3hYUVluTzIwMk9NNC1ubm50bEhfR3A0cjZ2bjNRQTBLbkJrdHVzTVJLQ1N3WEZEMGYySGRoenhiUERNZmMyMHVES0Jyb2o?oc=5\" target=\"_blank\" rel=\"nofollow noopener\">Trafikverkets ilska: Tar det inte p\u00e5 allvar<\/a>&nbsp;&nbsp;Aftonbladet<\/li>\n<li><a href=\"https:\/\/news.google.com\/rss\/articles\/CBMifkFVX3lxTE1wanlPYmpIdnVMaU1zQ3BISDBna0ZOMFp4QUJRNks5dmlvY1hZTmxuLTRlUmNaTXJHenVQZEVrZVpOWEpIQXdQYzFQWXdQaDlxYTYtSzIyZkVGb01aaFhwUVd4ajJ3UEF6OUV6TW9HaFN4UXo2WFg3Nk1TS05xUQ?oc=5\" target=\"_blank\" rel=\"nofollow noopener\">VMA och Hesa Fredrik \u2013 Trafikverket rasar mot antalet bilister i trafiken<\/a>&nbsp;&nbsp;Omni<\/li>\n<li><a href=\"https:\/\/news.google.com\/rss\/articles\/CBMigAFBVV95cUxPX0dOYVNOWVk5S1pwSjhyYnI0RmNUTUVBQzlhT1BjakNFYmtDYzloXzk0bWE2eFB4ZDNtSmRQX2xpWnQ5azR5VjY4c3RaRkRaWXJYNWNUcVFDbFJFc0hVSGlfSnBEdzBOdkZrbUFfbHVybVo4bWtfRWZHU0s2bEt5aA?oc=5\" target=\"_blank\" rel=\"nofollow noopener\">TV: Reportern fast i trafikkaoset \u2013 vi s\u00e4nde live<\/a>&nbsp;&nbsp;Ljusnan<\/li>\n<\/ol>\n","protected":false},"excerpt":{"rendered":"VMA utf\u00e4rdat: \u201dLivsfara ute p\u00e5 v\u00e4garna\u201d&nbsp;&nbsp;Hudiksvalls Tidning H\u00e4r faller tr\u00e4d \u00f6ver flera v\u00e4gar i G\u00e4vleborgs l\u00e4n till f\u00f6ljd&hellip;\n","protected":false},"author":2,"featured_media":118813,"comment_status":"","ping_status":"","sticky":false,"template":"","format":"standard","meta":{"footnotes":""},"categories":[5],"tags":[22,23,26,27,17,21,24,25,28,29,15,16,18,34,31,33,32,30,19,20],"class_list":{"0":"post-118812","1":"post","2":"type-post","3":"status-publish","4":"format-standard","5":"has-post-thumbnail","7":"category-rubriker","8":"tag-breaking-news","9":"tag-breakingnews","10":"tag-featured-news","11":"tag-featurednews","12":"tag-headlines","13":"tag-huvudnyheter","14":"tag-latest-news","15":"tag-latestnews","16":"tag-main-news","17":"tag-mainnews","18":"tag-news","19":"tag-nyheter","20":"tag-rubriker","21":"tag-se","22":"tag-svenska","23":"tag-sverige","24":"tag-sweden","25":"tag-swedish","26":"tag-top-stories","27":"tag-topstories"},"share_on_mastodon":{"url":"https:\/\/pubeurope.com\/@se\/115793976548007761","error":""},"_links":{"self":[{"href":"https:\/\/www.europesays.com\/se\/wp-json\/wp\/v2\/posts\/118812","targetHints":{"allow":["GET"]}}],"collection":[{"href":"https:\/\/www.europesays.com\/se\/wp-json\/wp\/v2\/posts"}],"about":[{"href":"https:\/\/www.europesays.com\/se\/wp-json\/wp\/v2\/types\/post"}],"author":[{"embeddable":true,"href":"https:\/\/www.europesays.com\/se\/wp-json\/wp\/v2\/users\/2"}],"replies":[{"embeddable":true,"href":"https:\/\/www.europesays.com\/se\/wp-json\/wp\/v2\/comments?post=118812"}],"version-history":[{"count":0,"href":"https:\/\/www.europesays.com\/se\/wp-json\/wp\/v2\/posts\/118812\/revisions"}],"wp:featuredmedia":[{"embeddable":true,"href":"https:\/\/www.europesays.com\/se\/wp-json\/wp\/v2\/media\/118813"}],"wp:attachment":[{"href":"https:\/\/www.europesays.com\/se\/wp-json\/wp\/v2\/media?parent=118812"}],"wp:term":[{"taxonomy":"category","embeddable":true,"href":"https:\/\/www.europesays.com\/se\/wp-json\/wp\/v2\/categories?post=118812"},{"taxonomy":"post_tag","embeddable":true,"href":"https:\/\/www.europesays.com\/se\/wp-json\/wp\/v2\/tags?post=118812"}],"curies":[{"name":"wp","href":"https:\/\/api.w.org\/{rel}","templated":true}]}}