{"id":118816,"date":"2025-12-27T22:57:17","date_gmt":"2025-12-27T22:57:17","guid":{"rendered":"https:\/\/www.europesays.com\/se\/118816\/"},"modified":"2025-12-27T22:57:17","modified_gmt":"2025-12-27T22:57:17","slug":"expressen-direkt-senaste-nytt-i-korthet-1056","status":"publish","type":"post","link":"https:\/\/www.europesays.com\/se\/118816\/","title":{"rendered":"Expressen Direkt \u2013 senaste nytt i korthet"},"content":{"rendered":"<p>Kambodja och Thailand \u00f6verens om vapenvila\u00a0<\/p>\n<p id=\"isPasted\">Thailand och Kambodja har undertecknat ett nytt avtal om vapenvila, bekr\u00e4ftar l\u00e4nderna i ett gemensamt uttalande.<\/p>\n<p>De b\u00e4gge l\u00e4nderna kommer att \u00e5terg\u00e5 till det avtal man undertecknade den 28 juli och alla efterf\u00f6ljande f\u00f6rs\u00f6k att n\u00e5 vapenvila, st\u00e5r det i avtalet.<\/p>\n<p>Vapenvilan tr\u00e4der i kraft klockan 12.00 den 27 december, lokal tid.<\/p>\n<p>L\u00e4nderna ska enligt avtalet l\u00e5ta boende i gr\u00e4nsregionen snarast m\u00f6jligt \u00e5terv\u00e4nda till sina hem \u201dp\u00e5 ett s\u00e4kert och v\u00e4rdigt s\u00e4tt\u201d.<\/p>\n<p>Oroligheterna har p\u00e5g\u00e5tt sedan i maj och vapenvila har, utan att h\u00e5lla, sedan dess ing\u00e5tts tv\u00e5 g\u00e5nger. Senast var i oktober, d\u00e5 Donald Trump ledde signeringsceremonin p\u00e5 plats vid Aseans toppm\u00f6te i Malaysias huvudstad Kuala Lumpur.<\/p>\n<p>Trots den amerikanske presidentens anstr\u00e4ngningar var striderna i g\u00e5ng igen i november.<\/p>\n<p>(TT)<\/p>\n","protected":false},"excerpt":{"rendered":"Kambodja och Thailand \u00f6verens om vapenvila\u00a0 Thailand och Kambodja har undertecknat ett nytt avtal om vapenvila, bekr\u00e4ftar l\u00e4nderna&hellip;\n","protected":false},"author":2,"featured_media":62410,"comment_status":"","ping_status":"","sticky":false,"template":"","format":"standard","meta":{"footnotes":""},"categories":[5],"tags":[22,23,26,27,17,21,24,25,28,29,15,16,18,34,31,33,32,30,19,20],"class_list":{"0":"post-118816","1":"post","2":"type-post","3":"status-publish","4":"format-standard","5":"has-post-thumbnail","7":"category-rubriker","8":"tag-breaking-news","9":"tag-breakingnews","10":"tag-featured-news","11":"tag-featurednews","12":"tag-headlines","13":"tag-huvudnyheter","14":"tag-latest-news","15":"tag-latestnews","16":"tag-main-news","17":"tag-mainnews","18":"tag-news","19":"tag-nyheter","20":"tag-rubriker","21":"tag-se","22":"tag-svenska","23":"tag-sverige","24":"tag-sweden","25":"tag-swedish","26":"tag-top-stories","27":"tag-topstories"},"share_on_mastodon":{"url":"https:\/\/pubeurope.com\/@se\/115794007993463585","error":""},"_links":{"self":[{"href":"https:\/\/www.europesays.com\/se\/wp-json\/wp\/v2\/posts\/118816","targetHints":{"allow":["GET"]}}],"collection":[{"href":"https:\/\/www.europesays.com\/se\/wp-json\/wp\/v2\/posts"}],"about":[{"href":"https:\/\/www.europesays.com\/se\/wp-json\/wp\/v2\/types\/post"}],"author":[{"embeddable":true,"href":"https:\/\/www.europesays.com\/se\/wp-json\/wp\/v2\/users\/2"}],"replies":[{"embeddable":true,"href":"https:\/\/www.europesays.com\/se\/wp-json\/wp\/v2\/comments?post=118816"}],"version-history":[{"count":0,"href":"https:\/\/www.europesays.com\/se\/wp-json\/wp\/v2\/posts\/118816\/revisions"}],"wp:featuredmedia":[{"embeddable":true,"href":"https:\/\/www.europesays.com\/se\/wp-json\/wp\/v2\/media\/62410"}],"wp:attachment":[{"href":"https:\/\/www.europesays.com\/se\/wp-json\/wp\/v2\/media?parent=118816"}],"wp:term":[{"taxonomy":"category","embeddable":true,"href":"https:\/\/www.europesays.com\/se\/wp-json\/wp\/v2\/categories?post=118816"},{"taxonomy":"post_tag","embeddable":true,"href":"https:\/\/www.europesays.com\/se\/wp-json\/wp\/v2\/tags?post=118816"}],"curies":[{"name":"wp","href":"https:\/\/api.w.org\/{rel}","templated":true}]}}