{"id":118821,"date":"2025-12-27T23:05:42","date_gmt":"2025-12-27T23:05:42","guid":{"rendered":"https:\/\/www.europesays.com\/se\/118821\/"},"modified":"2025-12-27T23:05:42","modified_gmt":"2025-12-27T23:05:42","slug":"alexander-axen-om-andreas-harryssons-succe-jattestort","status":"publish","type":"post","link":"https:\/\/www.europesays.com\/se\/118821\/","title":{"rendered":"Alexander Ax\u00e9n om Andreas Harryssons succ\u00e9: \u201dJ\u00e4ttestort\u201d"},"content":{"rendered":"<p><a data-test-tag=\"internal-link\" href=\"https:\/\/www.aftonbladet.se\/av\/sebastian-luuk\" class=\"hyperion-css-13ns1rr\" rel=\"nofollow noopener\" target=\"\" aria-label=\"Se alla artiklar av Sebastian Luuk\"><img decoding=\"async\" class=\"image-asset hyperion-css-n6kkq1\" data-test-tag=\"image-asset\" src=\"https:\/\/www.europesays.com\/se\/wp-content\/uploads\/2025\/12\/1766876741_845_7880ed3d-dabd-4b99-9571-acf16c8f31e9\"  alt=\"\"  loading=\"lazy\" fetchpriority=\"auto\" style=\"aspect-ratio:1900 \/ 1900\"\/><\/a><\/p>\n<p class=\"boxtextgrotesk-root_baa6 hyperion-css-1w346fg\">Uppdaterad 00.04 | Publicerad 00.00<\/p>\n<p>share-arrowDela<\/p>\n<p>unsaveSpara<\/p>\n<p>Lyssna p\u00e5 artikelnLyssna p\u00e5&#8230;<\/p>\n<p class=\"hyperion-css-1shl3oz\" data-test-tag=\"lead-text\">Andreas \u201dDirty Harry\u201d Harrysson \u00e4r klar f\u00f6r \u00e5ttondelsfinal i VM.<\/p>\n<p class=\"hyperion-css-1shl3oz\" data-test-tag=\"lead-text\">Dartprofilen Alexander Ax\u00e9n \u00e4r tagen.<\/p>\n<p class=\"hyperion-css-1shl3oz\" data-test-tag=\"lead-text\">\u2013 Det g\u00e5r nog inte att f\u00f6rst\u00e5 hur imponerande det h\u00e4r \u00e4r, s\u00e4ger han till Sportbladet.<\/p>\n<p class=\"hyperion-css-1v9qo5x\">Harrysson besegrade den 33-rankade tysken Ricardo \u201dPikachu\u201d Pietreczko med 4\u20132 i set.<\/p>\n<p class=\"hyperion-css-1v9qo5x\"><a data-test-tag=\"internal-link\" href=\"https:\/\/www.aftonbladet.se\/sportbladet\/a\/GxG5w4\/dart-vm-andreas-harrysson-till-attondelsfinal\" class=\"hyperion-css-15jkft9\" rel=\"nofollow noopener\" target=\"\" aria-label=\"Nu \u00e4r svensken klar f\u00f6r \u00e5ttondelsfinal i dart-VM\" theme=\"sportbladet\">Nu \u00e4r svensken klar f\u00f6r \u00e5ttondelsfinal i dart-VM<\/a> \u2013 i vad som \u00e4r 50-\u00e5ringens f\u00f6rsta v\u00e4rldsm\u00e4sterskap i karri\u00e4ren.<\/p>\n<p class=\"hyperion-css-1v9qo5x\">\u2013 Det var riktigt imponerande, s\u00e4ger Ax\u00e9n n\u00e4r Sportbladet ringer upp.<\/p>\n<p class=\"hyperion-css-1v9qo5x\">Han forts\u00e4tter:<\/p>\n<p class=\"hyperion-css-1v9qo5x\">\u2013 Han kastade s\u00e5 lugnt. Jag tyckte att det var den Andreas som man vill se \u2013 som har det h\u00e4r i sig men som ibland har en tendens att sp\u00e4nna sig lite. Men i dag var han hur lugn som helst.<\/p>\n<p>\u201dD\u00e5 \u00e4r han hemma \u2013 extremt viktigt\u201d<\/p>\n<p class=\"hyperion-css-1v9qo5x\"><strong>Hur stort \u00e4r det h\u00e4r?<\/strong><\/p>\n<p class=\"hyperion-css-1v9qo5x\">\u2013 Det \u00e4r j\u00e4ttestort. Han \u00e4r ju en av de absolut b\u00e4sta utan tour-kort, han f\u00f6rs\u00f6kte ta det f\u00f6rra \u00e5ret men missade med en po\u00e4ng. Det tyckte m\u00e5nga var konstigt med tanke p\u00e5 vilken kapacitet han har, s\u00e4ger Ax\u00e9n.<\/p>\n<p>expand-left<\/p>\n<p>helsk\u00e4rm<img decoding=\"async\" class=\"image-asset hyperion-css-u06ts1\" data-test-tag=\"image-asset\" src=\"https:\/\/www.europesays.com\/se\/wp-content\/uploads\/2025\/12\/235ad37f-6fe6-4eb7-b5ec-94a9ff76a503\"  alt=\"\"  loading=\"eager\" fetchpriority=\"high\" style=\"aspect-ratio:1900 \/ 1376\"\/> Foto: Steven Paston \/ AP<\/p>\n<p class=\"hyperion-css-1v9qo5x\">Vinner Harrysson n\u00e4sta match bel\u00f6nas han dock med ett kort. Det g\u00f6r att han f\u00e5r t\u00e4vla p\u00e5 touren och i praktiken blir heltidsproffs.<\/p>\n<p class=\"hyperion-css-1v9qo5x\">\u2013 F\u00e5r han det kortet \u00e4r han hemma, det hade varit extremt viktigt, s\u00e4ger Ax\u00e9n.<\/p>\n<p class=\"hyperion-css-1v9qo5x\"><strong>Vad t\u00e4nker du om det han \u00e5stadkommit hittills?<\/strong><\/p>\n<p class=\"hyperion-css-1v9qo5x\">\u2013 Det har b\u00f6rjat bli riktig <a data-test-tag=\"internal-link\" href=\"https:\/\/www.aftonbladet.se\/tagg\/dart\" class=\"hyperion-css-15jkft9\" rel=\"nofollow noopener\" target=\"\" aria-label=\"dart\" theme=\"sportbladet\">dart<\/a>-feber i Sverige och han ligger bakom det. Han \u00e4r v\u00e4l p\u00e5 samma niv\u00e5 som Jeffrey de Graaf var p\u00e5 f\u00f6rra \u00e5ret, om jag inte missminner mig, s\u00e4ger han och forts\u00e4tter:<\/p>\n<p class=\"hyperion-css-1v9qo5x\">\u2013 Det \u00e4r en debutant som g\u00f6r de h\u00e4r grejerna. Det g\u00e5r nog inte att f\u00f6rst\u00e5 hur imponerande det \u00e4r faktiskt.<\/p>\n<p>Ax\u00e9n tippar \u00e5ttondelen<\/p>\n<p class=\"hyperion-css-1v9qo5x\">I \u00e5ttondelsfinalen v\u00e4ntar den femterankade walesaren Jonny Clayton. Ax\u00e9n ger sitt tips inf\u00f6r matchen:<\/p>\n<p class=\"hyperion-css-1v9qo5x\">\u2013 Clayton \u00e4r en maskin. Det g\u00e4ller att Harrysson \u00e4r bra p\u00e5 utg\u00e5ngarna, man f\u00e5r inte slarva bort dem mot honom. Samtidigt tror jag att Clayton k\u00e4nner sig lite orolig inf\u00f6r att m\u00f6ta Harrysson. Han fattar ju att han \u00e4r j\u00e4ttefavorit, men han ser ocks\u00e5 vilken niv\u00e5 Harrysson har.<\/p>\n<p>expand-left<\/p>\n<p>helsk\u00e4rm<img decoding=\"async\" class=\"image-asset hyperion-css-u06ts1\" data-test-tag=\"image-asset\" src=\"https:\/\/www.europesays.com\/se\/wp-content\/uploads\/2025\/12\/672565d9-f0ae-4efb-bc8e-51984fc848d0\"  alt=\"Alexander Ax\u00e9n.\"  loading=\"eager\" fetchpriority=\"high\" style=\"aspect-ratio:1900 \/ 1267\"\/>Alexander Ax\u00e9n. Foto: Mathias Bergeld \/ Bildbyr\u00e5n<\/p>\n<p class=\"hyperion-css-1v9qo5x\"><strong>Vinner \u201dDirty Harry\u201d?<\/strong><\/p>\n<p class=\"hyperion-css-1v9qo5x\">\u2013 Den h\u00e4r matchen (sextondelsfinalen) var 50\/50. N\u00e4sta match \u00e4r v\u00e4l 30\/70, sett till meriter. Men kan han bara slappna av och vara s\u00e5 fin i armen som han var i dag s\u00e5 kommer han st\u00e4lla till problem mot Clayton. Men det \u00e4r en niv\u00e5 upp, s\u00e4ger Ax\u00e9n.<\/p>\n<p class=\"hyperion-css-1v9qo5x\"><strong>Du ska inte \u00e5ka till London och kolla?<\/strong><\/p>\n<p class=\"hyperion-css-1v9qo5x\">\u2013 Jag \u00e4r j\u00e4ttesugen. Vi f\u00e5r v\u00e4l se, avslutar han.<\/p>\n<p class=\"hyperion-css-1v9qo5x\">\u00c5ttondelsfinalen spelas p\u00e5 tisdag, den 30 december. Matchen b\u00f6rjar klockan 13.40.<\/p>\n","protected":false},"excerpt":{"rendered":"Uppdaterad 00.04 | Publicerad 00.00 share-arrowDela unsaveSpara Lyssna p\u00e5 artikelnLyssna p\u00e5&#8230; Andreas \u201dDirty Harry\u201d Harrysson \u00e4r klar f\u00f6r&hellip;\n","protected":false},"author":2,"featured_media":118822,"comment_status":"","ping_status":"","sticky":false,"template":"","format":"standard","meta":{"footnotes":""},"categories":[5],"tags":[22,23,26,27,17,21,24,25,28,29,15,16,18,34,31,33,32,30,19,20],"class_list":{"0":"post-118821","1":"post","2":"type-post","3":"status-publish","4":"format-standard","5":"has-post-thumbnail","7":"category-rubriker","8":"tag-breaking-news","9":"tag-breakingnews","10":"tag-featured-news","11":"tag-featurednews","12":"tag-headlines","13":"tag-huvudnyheter","14":"tag-latest-news","15":"tag-latestnews","16":"tag-main-news","17":"tag-mainnews","18":"tag-news","19":"tag-nyheter","20":"tag-rubriker","21":"tag-se","22":"tag-svenska","23":"tag-sverige","24":"tag-sweden","25":"tag-swedish","26":"tag-top-stories","27":"tag-topstories"},"share_on_mastodon":{"url":"https:\/\/pubeurope.com\/@se\/115794039812225781","error":""},"_links":{"self":[{"href":"https:\/\/www.europesays.com\/se\/wp-json\/wp\/v2\/posts\/118821","targetHints":{"allow":["GET"]}}],"collection":[{"href":"https:\/\/www.europesays.com\/se\/wp-json\/wp\/v2\/posts"}],"about":[{"href":"https:\/\/www.europesays.com\/se\/wp-json\/wp\/v2\/types\/post"}],"author":[{"embeddable":true,"href":"https:\/\/www.europesays.com\/se\/wp-json\/wp\/v2\/users\/2"}],"replies":[{"embeddable":true,"href":"https:\/\/www.europesays.com\/se\/wp-json\/wp\/v2\/comments?post=118821"}],"version-history":[{"count":0,"href":"https:\/\/www.europesays.com\/se\/wp-json\/wp\/v2\/posts\/118821\/revisions"}],"wp:featuredmedia":[{"embeddable":true,"href":"https:\/\/www.europesays.com\/se\/wp-json\/wp\/v2\/media\/118822"}],"wp:attachment":[{"href":"https:\/\/www.europesays.com\/se\/wp-json\/wp\/v2\/media?parent=118821"}],"wp:term":[{"taxonomy":"category","embeddable":true,"href":"https:\/\/www.europesays.com\/se\/wp-json\/wp\/v2\/categories?post=118821"},{"taxonomy":"post_tag","embeddable":true,"href":"https:\/\/www.europesays.com\/se\/wp-json\/wp\/v2\/tags?post=118821"}],"curies":[{"name":"wp","href":"https:\/\/api.w.org\/{rel}","templated":true}]}}