{"id":118825,"date":"2025-12-27T23:12:07","date_gmt":"2025-12-27T23:12:07","guid":{"rendered":"https:\/\/www.europesays.com\/se\/118825\/"},"modified":"2025-12-27T23:12:07","modified_gmt":"2025-12-27T23:12:07","slug":"har-finns-hjalp-nar-kopet-inte-blir-som-du-tankt-gefle-dagblad","status":"publish","type":"post","link":"https:\/\/www.europesays.com\/se\/118825\/","title":{"rendered":"H\u00e4r finns hj\u00e4lp n\u00e4r k\u00f6pet inte blir som du t\u00e4nkt \u2013 Gefle Dagblad"},"content":{"rendered":"<p>\u2013 Fr\u00e5gan som sticker ut handlar om k\u00f6p av bilar. Speciellt k\u00f6p av begagnad bil, s\u00e4ger Sara Stenquist p\u00e5 Konsument G\u00e4strikland.<\/p>\n<p>Andra \u00e5terkommande fr\u00e5gor hos Konsument G\u00e4strikland r\u00f6r fr\u00e4mst reparationstj\u00e4nster, fakturor och fr\u00e5gor i kategorin telekom.<\/p>\n<p><img decoding=\"async\" width=\"640\" height=\"427\" class=\"article-image article-image--unbound\" alt=\"\u2013 Fr\u00e5gan som sticker ut handlar om k\u00f6p av bilar. Speciellt k\u00f6p av begagnad bil, s\u00e4ger Sara Stenquist p\u00e5 Konsument G\u00e4strikland.\" src=\"https:\/\/www.europesays.com\/se\/wp-content\/uploads\/2025\/12\/a9dce865-0ef2-4313-8632-7ab13491e6c1.jpeg\"   loading=\"lazy\"\/><a class=\"article__lightbox-link\" href=\"https:\/\/static.bonniernews.se\/ba\/a9dce865-0ef2-4313-8632-7ab13491e6c1.jpeg?width=1400&amp;format=pjpg&amp;auto=avif\" data-pswp-width=\"1400\" data-pswp-height=\"935\" data-pswp-caption=\"\u2013 Fr\u00e5gan som sticker ut handlar om k\u00f6p av bilar. Speciellt k\u00f6p av begagnad bil, s\u00e4ger Sara Stenquist p\u00e5 Konsument G\u00e4strikland. Bild: Patricia St\u00e5hl\" data-pswp- rel=\"nofollow noopener\" target=\"_blank\">\u00d6ppna bild i helsk\u00e4rmsl\u00e4ge<\/a><\/p>\n<p class=\"txt-style-muted\" aria-hidden=\"true\">\u2013 Fr\u00e5gan som sticker ut handlar om k\u00f6p av bilar. Speciellt k\u00f6p av begagnad bil, s\u00e4ger Sara Stenquist p\u00e5 Konsument G\u00e4strikland.<\/p>\n<p class=\"article__figcaption-attribution txt-style-muted\">Bild: Patricia St\u00e5hl<\/p>\n<p>Den som beh\u00f6ver prata med en konsumentv\u00e4gledare f\u00f6r att f\u00e5 r\u00e5d om hur de kan g\u00e5 vidare efter k\u00f6p av vara eller en tj\u00e4nst som inte blivit som man t\u00e4nkt sig kan ringa, mejla eller ta kontakt via e-tj\u00e4nsten.<\/p>\n<p>\u2013 Vi har ocks\u00e5 drop-in till konsumentv\u00e4gledningen mellan klockan nio till tolv p\u00e5 tisdagar och torsdagar i Agnes Kulturhus p\u00e5 plan 3, s\u00e4ger Sara Stenquist.<\/p>\n<p>I majoriteten av \u00e4renden h\u00f6r man av sig en g\u00e5ng med sina fr\u00e5gor och funderingar. <\/p>\n<p>Men m\u00e5nga h\u00f6r ocks\u00e5 av sig flera g\u00e5nger i samma \u00e4rende. D\u00e5 kan det vara bra att f\u00e5 prata med samma konsumentv\u00e4gledare flera g\u00e5nger. <\/p>\n<p>Men vilken hj\u00e4lp kan man d\u00e5 f\u00f6rv\u00e4nta sig som konsument? Sara Stenquist s\u00e4ger att Konsument G\u00e4strikland arbetar med hj\u00e4lp till sj\u00e4lvhj\u00e4lp.<\/p>\n<p>\u2013 Vi upplyser om hur lagstiftningen ser ut och vilka m\u00f6jliga v\u00e4gar det finns fram\u00e5t f\u00f6r att l\u00f6sa en tvist. Vi f\u00f6rser den som kontaktar oss med information och verktyg f\u00f6r att sj\u00e4lv driva sin process vidare. Till exempel information och mallar f\u00f6r att skriva en reklamation, s\u00e4ger Sara Stenquist.<\/p>\n<p>Men den faktiska reklamationen f\u00e5r personen skriva sj\u00e4lv. Detsamma g\u00e4ller anm\u00e4lningar till ARN. Konsumentv\u00e4gledaren kan upplysa om vad man ska t\u00e4nka p\u00e5 och exempelvis vilken bevisning som kan vara bra att skicka med, men hj\u00e4lper inte till med att skriva anm\u00e4lan. <\/p>\n<p><strong>Fotnot.<\/strong> Konsument G\u00e4strikland erbjuder konsumentv\u00e4gledning och budget- och skuldr\u00e5dgivning till alla inv\u00e5nare i G\u00e4vle, Hofors, Ockelbo, Sandviken och \u00c4lvkarleby.<\/p>\n<p><img decoding=\"async\" width=\"640\" height=\"427\" class=\"article-image article-image--unbound\" alt=\"N\u00e4r du k\u00f6per en bil av en bilhandlare \u00e4r du som konsument skyddad av konsumentk\u00f6plagen. Det ger dig ett st\u00f6rre skydd \u00e4n n\u00e4r du k\u00f6per bilen av en privatperson.\" src=\"https:\/\/www.europesays.com\/se\/wp-content\/uploads\/2025\/12\/1bdbcc6e-ee5b-4954-a63a-258c98398f46.jpg\"   loading=\"lazy\"\/><a class=\"article__lightbox-link\" href=\"https:\/\/static.bonniernews.se\/ba\/1bdbcc6e-ee5b-4954-a63a-258c98398f46.jpg?width=1400&amp;format=pjpg&amp;auto=avif\" data-pswp-width=\"1400\" data-pswp-height=\"933\" data-pswp-caption=\"N\u00e4r du k\u00f6per en bil av en bilhandlare \u00e4r du som konsument skyddad av konsumentk\u00f6plagen. Det ger dig ett st\u00f6rre skydd \u00e4n n\u00e4r du k\u00f6per bilen av en privatperson. Bild: Vilhelm Stokstad\/TT\" data-pswp- rel=\"nofollow noopener\" target=\"_blank\">\u00d6ppna bild i helsk\u00e4rmsl\u00e4ge<\/a><\/p>\n<p class=\"txt-style-muted\" aria-hidden=\"true\">N\u00e4r du k\u00f6per en bil av en bilhandlare \u00e4r du som konsument skyddad av konsumentk\u00f6plagen. Det ger dig ett st\u00f6rre skydd \u00e4n n\u00e4r du k\u00f6per bilen av en privatperson.<\/p>\n<p class=\"article__figcaption-attribution txt-style-muted\">Bild: Vilhelm Stokstad\/TT<\/p>\n","protected":false},"excerpt":{"rendered":"\u2013 Fr\u00e5gan som sticker ut handlar om k\u00f6p av bilar. Speciellt k\u00f6p av begagnad bil, s\u00e4ger Sara Stenquist&hellip;\n","protected":false},"author":2,"featured_media":118826,"comment_status":"","ping_status":"","sticky":false,"template":"","format":"standard","meta":{"footnotes":""},"categories":[65],"tags":[72,70,71,34,31,33,32,30],"class_list":{"0":"post-118825","1":"post","2":"type-post","3":"status-publish","4":"format-standard","5":"has-post-thumbnail","7":"category-ekonomi","8":"tag-business","9":"tag-economy","10":"tag-ekonomi","11":"tag-se","12":"tag-svenska","13":"tag-sverige","14":"tag-sweden","15":"tag-swedish"},"share_on_mastodon":{"url":"https:\/\/pubeurope.com\/@se\/115794067388179849","error":""},"_links":{"self":[{"href":"https:\/\/www.europesays.com\/se\/wp-json\/wp\/v2\/posts\/118825","targetHints":{"allow":["GET"]}}],"collection":[{"href":"https:\/\/www.europesays.com\/se\/wp-json\/wp\/v2\/posts"}],"about":[{"href":"https:\/\/www.europesays.com\/se\/wp-json\/wp\/v2\/types\/post"}],"author":[{"embeddable":true,"href":"https:\/\/www.europesays.com\/se\/wp-json\/wp\/v2\/users\/2"}],"replies":[{"embeddable":true,"href":"https:\/\/www.europesays.com\/se\/wp-json\/wp\/v2\/comments?post=118825"}],"version-history":[{"count":0,"href":"https:\/\/www.europesays.com\/se\/wp-json\/wp\/v2\/posts\/118825\/revisions"}],"wp:featuredmedia":[{"embeddable":true,"href":"https:\/\/www.europesays.com\/se\/wp-json\/wp\/v2\/media\/118826"}],"wp:attachment":[{"href":"https:\/\/www.europesays.com\/se\/wp-json\/wp\/v2\/media?parent=118825"}],"wp:term":[{"taxonomy":"category","embeddable":true,"href":"https:\/\/www.europesays.com\/se\/wp-json\/wp\/v2\/categories?post=118825"},{"taxonomy":"post_tag","embeddable":true,"href":"https:\/\/www.europesays.com\/se\/wp-json\/wp\/v2\/tags?post=118825"}],"curies":[{"name":"wp","href":"https:\/\/api.w.org\/{rel}","templated":true}]}}