{"id":118827,"date":"2025-12-27T23:17:33","date_gmt":"2025-12-27T23:17:33","guid":{"rendered":"https:\/\/www.europesays.com\/se\/118827\/"},"modified":"2025-12-27T23:17:33","modified_gmt":"2025-12-27T23:17:33","slug":"patrick-dorgu-hjalte-for-united-satte-sitt-forsta-mal","status":"publish","type":"post","link":"https:\/\/www.europesays.com\/se\/118827\/","title":{"rendered":"Patrick Dorgu hj\u00e4lte f\u00f6r United \u2013 satte sitt f\u00f6rsta m\u00e5l"},"content":{"rendered":"<p>Publicerad 26 dec 2025 kl 22.57Uppdaterad kl 23.51<\/p>\n<p>Danske Patrick Dorgu slog till i sin 38:e Manchester United-match.<\/p>\n<p>Han blev hj\u00e4lte mot Newcastle och j\u00e4mf\u00f6rdes med Zinidine Zidane.<\/p>\n<p>\u2013 Jag visste inte att jag kunde g\u00f6ra det d\u00e4r, s\u00e4ger han i Sky Sports, samtidigt som Ruben Amorim s\u00e5gas.<\/p>\n<p><img   alt=\"\"\/><\/p>\n<p>Patrick Dorgu fick en kalastr\u00e4ff mot Newcastle.<\/p>\n<p>Foto: AE COSGROVE\/NEWS IMAGES \/ AVALON \/ STELLA PICTURES\/AE COSGROVE\/NEWS IMAGES \/ AVAL<\/p>\n<p>\u00d6ppna bild i helsk\u00e4rm<img loading=\"lazy\"   alt=\"\"\/><\/p>\n<p>Dorgu slog till p\u00e5 volley.<\/p>\n<p>Foto: AE COSGROVE\/NEWS IMAGES \/ AVALON \/ STELLA PICTURES\/AE COSGROVE\/NEWS IMAGES \/ AVAL<\/p>\n<p>\u00d6ppna bild i helsk\u00e4rm<img loading=\"lazy\"   alt=\"\"\/> <\/p>\n<p>Foto: MATT WEST\/SHUTTERSTOCK \/ SHUTTERSTOCK EDITORIAL\/IBL<\/p>\n<p>\u00d6ppna bild i helsk\u00e4rm<\/p>\n<p>K\u00e4nslan \u00e4r att det r\u00f6da Manchesterlaget hittat n\u00e5got att bygga vidare p\u00e5.<\/p>\n<p>P\u00e5 annandagen skakade de av sig julfirandet p\u00e5 b\u00e4sta m\u00f6jliga s\u00e4tt.<\/p>\n<p>V\u00e4l i den 24:e matchminuten landade bollen hos Patrick Dorgu, den 21-\u00e5rige danske ytterbacken, i straffomr\u00e5det.<\/p>\n<p>Han drog till p\u00e5 volley och 1\u20130 var ett faktum.<\/p>\n<p>\u2013 Vilken tr\u00e4ff. Kan m\u00e5lvakten g\u00f6ra det b\u00e4ttre? Tja, han f\u00e5r en hand p\u00e5 den. Men vi kan inte ta n\u00e5got fr\u00e5n Dorgu. Ett stort \u00f6gonblick f\u00f6r honom, s\u00e4ger Gary Neville i BBC.<\/p>\n<p>\u00c4ven i Viaplay hyllades m\u00e5let.<\/p>\n<p>\u2013 Han tr\u00e4ffar den helt perfekt, s\u00e4ger Jonas Olsson.<\/p>\n<p>J\u00e4mf\u00f6rs med Zidane<\/p>\n<p>Bojan Djordjic gick steget l\u00e4ngre.<\/p>\n<p>Han j\u00e4mf\u00f6rde m\u00e5let det fr\u00e5n Zinedine Zidane i Champions League-finalen mot Bayer Leverkusen 2002.<\/p>\n<p>\u2013 \u00c4r det \u201dZizou\u201d eller Dorgu vi ser? Det \u00e4r ett klassm\u00e5l, s\u00e4ger Djordjic.<\/p>\n<p>Dorgu ansl\u00f6t inf\u00f6r s\u00e4songen fr\u00e5n italienska Lecce och har tolv landskamper p\u00e5 meritlistan.<\/p>\n<p>\u2013 Jag visste inte att jag kunde g\u00f6ra det d\u00e4r. Jag s\u00e5g bara bollen komma och drog till. Jag har tr\u00e4nat mycket \u00e4nd\u00e5, s\u00e4ger han i Sky Sports.<\/p>\n<p>\u201dVill han f\u00e5 sparken?\u201d<\/p>\n<p>D\u00e4refter hade <a href=\"https:\/\/www.expressen.se\/tagg\/organization\/manchester-united\/\" class=\"\" rel=\"nofollow noopener\" target=\"_blank\">Manchester United<\/a> inga problem att h\u00e5lla undan, \u00e4ven om Dorgu s\u00e4nktes av en boll i huvudet. Han klarade sig dock och Ruben Amorim gjorde i slutskedet ett dubbelbyte som fick Henrik Str\u00f6mblad att skaka p\u00e5 huvudet.<\/p>\n<p>Tyler Fredricson och Tyrell Malacia ersatte Luke Shaw och Lisandro Martinez.<\/p>\n<p>\u2013 Det \u00e4r som att han vill sabotera f\u00f6r sig sj\u00e4lv. Vill han f\u00e5 sparken? Det g\u00f6r dem s\u00e4mre, s\u00e4ger Bojan Djordjic.<\/p>\n<p>Matchen, som Anthony Elanga missade till f\u00f6ljd av skada, slutade 1\u20130 och Dorgu fick ikl\u00e4 sig hj\u00e4lterollen.<\/p>\n","protected":false},"excerpt":{"rendered":"Publicerad 26 dec 2025 kl 22.57Uppdaterad kl 23.51 Danske Patrick Dorgu slog till i sin 38:e Manchester United-match.&hellip;\n","protected":false},"author":2,"featured_media":118828,"comment_status":"","ping_status":"","sticky":false,"template":"","format":"standard","meta":{"footnotes":""},"categories":[68],"tags":[1228,34,129,242,111,110,31,33,32,30],"class_list":{"0":"post-118827","1":"post","2":"type-post","3":"status-publish","4":"format-standard","5":"has-post-thumbnail","7":"category-sport","8":"tag-organization-manchester-united","9":"tag-se","10":"tag-sections-fotboll","11":"tag-sections-premierleague","12":"tag-sport","13":"tag-sports","14":"tag-svenska","15":"tag-sverige","16":"tag-sweden","17":"tag-swedish"},"share_on_mastodon":{"url":"https:\/\/pubeurope.com\/@se\/115794086676681496","error":""},"_links":{"self":[{"href":"https:\/\/www.europesays.com\/se\/wp-json\/wp\/v2\/posts\/118827","targetHints":{"allow":["GET"]}}],"collection":[{"href":"https:\/\/www.europesays.com\/se\/wp-json\/wp\/v2\/posts"}],"about":[{"href":"https:\/\/www.europesays.com\/se\/wp-json\/wp\/v2\/types\/post"}],"author":[{"embeddable":true,"href":"https:\/\/www.europesays.com\/se\/wp-json\/wp\/v2\/users\/2"}],"replies":[{"embeddable":true,"href":"https:\/\/www.europesays.com\/se\/wp-json\/wp\/v2\/comments?post=118827"}],"version-history":[{"count":0,"href":"https:\/\/www.europesays.com\/se\/wp-json\/wp\/v2\/posts\/118827\/revisions"}],"wp:featuredmedia":[{"embeddable":true,"href":"https:\/\/www.europesays.com\/se\/wp-json\/wp\/v2\/media\/118828"}],"wp:attachment":[{"href":"https:\/\/www.europesays.com\/se\/wp-json\/wp\/v2\/media?parent=118827"}],"wp:term":[{"taxonomy":"category","embeddable":true,"href":"https:\/\/www.europesays.com\/se\/wp-json\/wp\/v2\/categories?post=118827"},{"taxonomy":"post_tag","embeddable":true,"href":"https:\/\/www.europesays.com\/se\/wp-json\/wp\/v2\/tags?post=118827"}],"curies":[{"name":"wp","href":"https:\/\/api.w.org\/{rel}","templated":true}]}}