{"id":118834,"date":"2025-12-27T23:45:11","date_gmt":"2025-12-27T23:45:11","guid":{"rendered":"https:\/\/www.europesays.com\/se\/118834\/"},"modified":"2025-12-27T23:45:11","modified_gmt":"2025-12-27T23:45:11","slug":"ife-system-aktiebolag-tappade-229-procent-av-intakterna-jonkopings-posten","status":"publish","type":"post","link":"https:\/\/www.europesays.com\/se\/118834\/","title":{"rendered":"IFE System Aktiebolag tappade 22,9 procent av int\u00e4kterna \u2013 J\u00f6nk\u00f6pings-Posten"},"content":{"rendered":"<p>Ife Systems oms\u00e4ttning minskar med 22,9 procent och blev cirka 45,5 miljoner kronor. Resultatet f\u00f6re skatt \u00e4r l\u00e4gre \u00e4n f\u00f6reg\u00e5ende \u00e5r, drygt en och en halv miljoner kronor mot ungef\u00e4r 1,7 miljoner kronor. Det visar den senaste \u00e5rsredovisningen som nu \u00e4r klar.<\/p>\n<p>R\u00f6relseresultatet f\u00f6r Ife System hamnade p\u00e5 drygt tre miljoner kronor.<\/p>\n<p>R\u00f6relsemarginalen landade p\u00e5 6,6 procent, som \u00e4r l\u00e4gre \u00e4n f\u00f6reg\u00e5ende period. D\u00e5 var r\u00f6relsemarginalen nio och en halv procent. B\u00e4st r\u00f6relsemarginal under de senaste fem \u00e5ren hade f\u00f6retaget 2022. D\u00e5 var den 16,2 procent.<\/p>\n<p>Enligt de senaste uppgifterna fr\u00e5n SCB, \u00e4r den genomsnittliga r\u00f6relsemarginalen f\u00f6r svenska f\u00f6retag 7,3 procent. Inom branschen f\u00f6r parti- och provisionshandel utom med motorfordon ligger det motsvarande genomsnittet p\u00e5 5,1 procent. Noteras ska att f\u00f6retaget \u00e4r ett av fyra i koncernen och att varje f\u00f6retags resultat officiellt rapporteras f\u00f6r sig. Moderbolag \u00e4r Griva Holding AB.<\/p>\n<p>F\u00f6retaget grundades 1970 och \u00e4r hemmah\u00f6rande i J\u00f6nk\u00f6pings kommun. Bolagets huvudbransch \u00e4r partihandel med textil-, sy- och stickmaskiner. F\u00f6retaget \u00e4r ett av fyra i koncernen d\u00e4r Griva Holding AB \u00e4r moderbolag. Redovisningsperioden l\u00f6per fr\u00e5n maj till april.<\/p>\n<p>F\u00f6retaget har fyra anst\u00e4llda, enligt \u00e5rsredovisningen, vilket \u00e4r en fler \u00e4n f\u00f6reg\u00e5ende redovisnings\u00e5r.<\/p>\n<p>\u00c4garen, Griva Holding AB, tog inte ut n\u00e5gon utdelning under f\u00f6rra \u00e5ret.<\/p>\n<p>Vd \u00e4r John Robert Carlsson (53), medan Mattias Vilhelm Andersson (57) \u00e4r styrelseordf\u00f6rande.<\/p>\n<p>Sett till oms\u00e4ttning \u00e4r Ife System det 23:e st\u00f6rsta f\u00f6retaget inom sin specifika bransch i J\u00f6nk\u00f6ping, som \u00e4r partihandel med diverse andra maskiner och diverse annan utrustning.<\/p>\n<p>F\u00f6retaget \u00e4r ocks\u00e5 det 460:e st\u00f6rsta i landet. Det finns 78 f\u00f6retag i samma bransch i J\u00f6nk\u00f6ping.<\/p>\n","protected":false},"excerpt":{"rendered":"Ife Systems oms\u00e4ttning minskar med 22,9 procent och blev cirka 45,5 miljoner kronor. Resultatet f\u00f6re skatt \u00e4r l\u00e4gre&hellip;\n","protected":false},"author":2,"featured_media":100509,"comment_status":"","ping_status":"","sticky":false,"template":"","format":"standard","meta":{"footnotes":""},"categories":[65],"tags":[72,70,71,34,31,33,32,30],"class_list":{"0":"post-118834","1":"post","2":"type-post","3":"status-publish","4":"format-standard","5":"has-post-thumbnail","7":"category-ekonomi","8":"tag-business","9":"tag-economy","10":"tag-ekonomi","11":"tag-se","12":"tag-svenska","13":"tag-sverige","14":"tag-sweden","15":"tag-swedish"},"share_on_mastodon":{"url":"https:\/\/pubeurope.com\/@se\/115794196745657728","error":""},"_links":{"self":[{"href":"https:\/\/www.europesays.com\/se\/wp-json\/wp\/v2\/posts\/118834","targetHints":{"allow":["GET"]}}],"collection":[{"href":"https:\/\/www.europesays.com\/se\/wp-json\/wp\/v2\/posts"}],"about":[{"href":"https:\/\/www.europesays.com\/se\/wp-json\/wp\/v2\/types\/post"}],"author":[{"embeddable":true,"href":"https:\/\/www.europesays.com\/se\/wp-json\/wp\/v2\/users\/2"}],"replies":[{"embeddable":true,"href":"https:\/\/www.europesays.com\/se\/wp-json\/wp\/v2\/comments?post=118834"}],"version-history":[{"count":0,"href":"https:\/\/www.europesays.com\/se\/wp-json\/wp\/v2\/posts\/118834\/revisions"}],"wp:featuredmedia":[{"embeddable":true,"href":"https:\/\/www.europesays.com\/se\/wp-json\/wp\/v2\/media\/100509"}],"wp:attachment":[{"href":"https:\/\/www.europesays.com\/se\/wp-json\/wp\/v2\/media?parent=118834"}],"wp:term":[{"taxonomy":"category","embeddable":true,"href":"https:\/\/www.europesays.com\/se\/wp-json\/wp\/v2\/categories?post=118834"},{"taxonomy":"post_tag","embeddable":true,"href":"https:\/\/www.europesays.com\/se\/wp-json\/wp\/v2\/tags?post=118834"}],"curies":[{"name":"wp","href":"https:\/\/api.w.org\/{rel}","templated":true}]}}