{"id":118838,"date":"2025-12-27T23:58:17","date_gmt":"2025-12-27T23:58:17","guid":{"rendered":"https:\/\/www.europesays.com\/se\/118838\/"},"modified":"2025-12-27T23:58:17","modified_gmt":"2025-12-27T23:58:17","slug":"modo-vinner-malfesten-efter-kellehers-show-thoresen-sade-alltid","status":"publish","type":"post","link":"https:\/\/www.europesays.com\/se\/118838\/","title":{"rendered":"MoDo vinner m\u00e5lfesten \u2013 efter Kellehers show: &#8221;Thoresen sade alltid&#8230;&#8221;"},"content":{"rendered":"<p><strong><a href=\"https:\/\/hockeysverige.se\/spelare\/tyler-kelleher\" rel=\"nofollow noopener\" target=\"_blank\">Tyler Kelleher<\/a> sk\u00f6t ett hattrick n\u00e4r <a href=\"https:\/\/hockeysverige.se\/klubb\/modo-hockey\" rel=\"nofollow noopener\" target=\"_blank\">MoDo<\/a> besegrade Almtuna. <br \/>Efter\u00e5t skickade han en tackning till en ov\u00e4ntad person. <br \/>\u2013 N\u00e4r jag spelade med Patrick Thoresen brukade han alltid s\u00e4ga\u2026, sade Kelleher till TV4. <\/strong><\/p>\n<p><img loading=\"lazy\" decoding=\"async\" width=\"1024\" height=\"658\" src=\"https:\/\/www.europesays.com\/se\/wp-content\/uploads\/2025\/12\/Thoresen-Kelleher-1024x658.webp.webp\" alt=\"Tyler Kelleher. Patrick Thoresen. MoDo.\" class=\"wp-image-339474\"  \/>Tyler Kelleher tackar Patrick Thoresen efter sitt hattrick f\u00f6r MoDo.<strong> Foto: <\/strong>Bildbyr\u00e5n<\/p>\n<p>Mellandagshockeyn i <a href=\"https:\/\/hockeysverige.se\/hockeyallsvenskan\" rel=\"nofollow noopener\" target=\"_blank\">HockeyAllsvenskan<\/a> inleddes under l\u00f6rdagen med en match i \u00d6rnsk\u00f6ldsvik d\u00e4r MoDo g\u00e4stades av <a href=\"https:\/\/hockeysverige.se\/klubb\/almtuna-is\" rel=\"nofollow noopener\" target=\"_blank\">Almtuna<\/a>. Det blev sedan en otrolig m\u00e5lfest i f\u00f6rsta perioden som sv\u00e4ngde fram och tillbaka. Tyler Kelleher gav MoDo ledningen efter bara tv\u00e5 minuter. Men strax d\u00e4refter kunde Almtuna kvittera och sedan ocks\u00e5 v\u00e4nda p\u00e5 matchen efter m\u00e5l av <a href=\"https:\/\/hockeysverige.se\/spelare\/melvin-wersall\" rel=\"nofollow noopener\" target=\"_blank\">Melvin Wers\u00e4ll<\/a> samt inl\u00e5nade Gustav Meijer. <\/p>\n<p>MoDo svarade d\u00e4remot upp genom att v\u00e4nda tillbaka snabbt \u00e5terigen. Jacob Bengtsson kvitterade till 2-2 med sitt f\u00f6rsta m\u00e5l i MoDo-tr\u00f6jan innan Kelleher satte sitt andra m\u00e5l i matchen. St\u00e4llningen var d\u00e4rmed 3-2 till MoDo efter mindre \u00e4n tio minuters spel. D\u00e4refter lugnande dock matchen ner sig och 3-2 stod sig fram till paus. <\/p>\n<p>\u2013 Vi \u00e4r ganska bra offensivt men f\u00f6rsvarar p\u00e5 tok f\u00f6r d\u00e5ligt och ger dem f\u00f6r m\u00e5nga bra chanser. Det m\u00e5ste vi tajta ihop inf\u00f6r andra perioden, s\u00e4ger Jacob Bengtsson till TV4 i pausen.<\/p>\n<p>Hattrick av Tyler Kelleher f\u00f6r MoDo <\/p>\n<p>I mittperioden tog MoDo sedan \u00f6ver matchbilden helt och h\u00e5llet. <a href=\"https:\/\/hockeysverige.se\/spelare\/jesper-olofsson\" rel=\"nofollow noopener\" target=\"_blank\">Jesper Olofsson<\/a> satte 4-2 i powerplay och d\u00e4refter skulle Tyler Kelleher fullborda sitt hattrick f\u00f6r MoDo. Kelleher bar upp pucken i en spelv\u00e4ndning men valde att skjuta sj\u00e4lv och prickade in 5-2 bakom Viktor Andr\u00e9n i Almtunakassen. MoDo vann skotten med hela 19-5 i mittperioden men st\u00e4llningen kom att vara 5-3 efter att Almtuna f\u00e5tt in en sen kvittering. <\/p>\n<p>Tyler Kelleher var d\u00e4remot skillnaden mellan lagen med sina tre m\u00e5l. Han har nu gjort tv\u00e5 hattricks f\u00f6r MoDo den h\u00e4r s\u00e4songen. <\/p>\n<p>\u2013 Det \u00e4r bra, jag brukar s\u00e4ga detta ofta men det \u00e4r alltid kul att se pucken g\u00e5 i n\u00e4t. Jag minns n\u00e4r jag spelade med Patrick Thoresen sade han alltid \u201ddet \u00e4r roligt att g\u00f6ra m\u00e5l s\u00e5 skjut bara pucken n\u00e4r du f\u00e5r chansen\u201d. N\u00e4r jag kom i kontring d\u00e4r skojade vi om att jag inte ens tittade mot (Emil) Larsson innan jag sk\u00f6t. Det \u00e4r bara kul att puckarna g\u00e5r in, s\u00e4ger Kelleher till TV4. <\/p>\n<p>\u00c4ven om Tyler Kelleher inte passade till honom i kontringen skulle <a href=\"https:\/\/hockeysverige.se\/spelare\/emil-larsson\" rel=\"nofollow noopener\" target=\"_blank\">Emil Larsson<\/a> \u00e4nd\u00e5 f\u00e5 g\u00f6ra m\u00e5l senare i matchen. N\u00e4r MoDo spelade powerplay i tredje perioden sk\u00f6t ett skott som studsade in via Larsson och in f\u00f6r 6-3 till hemmalaget. Slutresultatet blev sedan 6-4 till MoDo efter en reducering av Mikkel \u00d8by-Olsen f\u00f6r Almtuna. <\/p>\n<p><strong>MoDo \u2013 Almtuna 6\u20134 (3-2,2-1,1-1)<\/strong><\/p>\n<p><strong>MoDo: <\/strong>Tyler Kelleher 3, Jacob Bengtsson, Jesper Olofsson, Emil Larsson. <br \/><strong>Almtuna: <\/strong>Melvin Wers\u00e4ll 2, Gustav Meijer, Mikkel \u00d8by-Olsen. <\/p>\n<p> Source: <a href=\"https:\/\/www.eliteprospects.com\/player\/151832\/tyler-kelleher\" target=\"_blank\" rel=\"noopener noreferrer nofollow\">Tyler Kelleher<\/a> @ Elite Prospects<\/p>\n","protected":false},"excerpt":{"rendered":"Tyler Kelleher sk\u00f6t ett hattrick n\u00e4r MoDo besegrade Almtuna. Efter\u00e5t skickade han en tackning till en ov\u00e4ntad person.&hellip;\n","protected":false},"author":2,"featured_media":118839,"comment_status":"","ping_status":"","sticky":false,"template":"","format":"standard","meta":{"footnotes":""},"categories":[68],"tags":[621,34,133,111,110,31,33,32,30],"class_list":{"0":"post-118838","1":"post","2":"type-post","3":"status-publish","4":"format-standard","5":"has-post-thumbnail","7":"category-sport","8":"tag-hockeyallsvenskan","9":"tag-se","10":"tag-second-news","11":"tag-sport","12":"tag-sports","13":"tag-svenska","14":"tag-sverige","15":"tag-sweden","16":"tag-swedish"},"share_on_mastodon":{"url":"https:\/\/pubeurope.com\/@se\/115794248129554578","error":""},"_links":{"self":[{"href":"https:\/\/www.europesays.com\/se\/wp-json\/wp\/v2\/posts\/118838","targetHints":{"allow":["GET"]}}],"collection":[{"href":"https:\/\/www.europesays.com\/se\/wp-json\/wp\/v2\/posts"}],"about":[{"href":"https:\/\/www.europesays.com\/se\/wp-json\/wp\/v2\/types\/post"}],"author":[{"embeddable":true,"href":"https:\/\/www.europesays.com\/se\/wp-json\/wp\/v2\/users\/2"}],"replies":[{"embeddable":true,"href":"https:\/\/www.europesays.com\/se\/wp-json\/wp\/v2\/comments?post=118838"}],"version-history":[{"count":0,"href":"https:\/\/www.europesays.com\/se\/wp-json\/wp\/v2\/posts\/118838\/revisions"}],"wp:featuredmedia":[{"embeddable":true,"href":"https:\/\/www.europesays.com\/se\/wp-json\/wp\/v2\/media\/118839"}],"wp:attachment":[{"href":"https:\/\/www.europesays.com\/se\/wp-json\/wp\/v2\/media?parent=118838"}],"wp:term":[{"taxonomy":"category","embeddable":true,"href":"https:\/\/www.europesays.com\/se\/wp-json\/wp\/v2\/categories?post=118838"},{"taxonomy":"post_tag","embeddable":true,"href":"https:\/\/www.europesays.com\/se\/wp-json\/wp\/v2\/tags?post=118838"}],"curies":[{"name":"wp","href":"https:\/\/api.w.org\/{rel}","templated":true}]}}