{"id":118840,"date":"2025-12-28T00:07:22","date_gmt":"2025-12-28T00:07:22","guid":{"rendered":"https:\/\/www.europesays.com\/se\/118840\/"},"modified":"2025-12-28T00:07:22","modified_gmt":"2025-12-28T00:07:22","slug":"avslojar-halmstad-koper-loss-rocco-ascone-allsvenskan","status":"publish","type":"post","link":"https:\/\/www.europesays.com\/se\/118840\/","title":{"rendered":"Avsl\u00f6jar: Halmstad k\u00f6per loss Rocco Ascone | Allsvenskan"},"content":{"rendered":"<p>Publicerad 27 dec 2025 kl 11.11Uppdaterad kl 20.13<\/p>\n<p>Halmstad k\u00f6per loss Rocco Ascone.<\/p>\n<p>Enligt uppgifter till Expressen \u00e4r klubben \u00f6verens med FC Nordsj\u00e4lland om en permanent \u00f6verg\u00e5ng.<\/p>\n<p>Ascone var utl\u00e5nad till HBK under h\u00f6sten.<\/p>\n<p><img   alt=\"\"\/> <\/p>\n<p>Foto: CHRISTOFFER BORG MATTISSON \/ BILDBYR\u00c5N<\/p>\n<p>\u00d6ppna bild i helsk\u00e4rm<\/p>\n<p>Mittf\u00e4ltaren Rocco Ascone, 22, kom till Halmstad p\u00e5 l\u00e5n fr\u00e5n den danska Superligaklubben FC Nordjsj\u00e4lland i somras. Ascone gjorde elva matcher f\u00f6r hall\u00e4nningarna under h\u00f6sts\u00e4songen, innan hans l\u00e5neavtal gick ut.<\/p>\n<p>Nu kan Expressen avsl\u00f6ja att Halmstad k\u00f6per loss fransmannen fr\u00e5n den danska tabell\u00e5ttan. Ascone blir klubbens andra v\u00e4rvning i vinter. Sedan tidigare har den allsvenska elvan fr\u00e5n f\u00f6rra s\u00e4songen plockat in Erko T\u00f5ugjas fr\u00e5n estniska FC Flora Tallinn.<\/p>\n<p>Senare under l\u00f6rdagen bekr\u00e4ftade Halmstad att Ascone k\u00f6ps loss.<\/p>\n<p>\u2013 Detta blir en fin julklapp till alla HBK:are, s\u00e4ger lagets sportchef Jesper Westerberg <a href=\"https:\/\/www.hbk.se\/nyheter\/2025\/december\/rocco-ascone-hbk\" rel=\"nofollow noopener\" target=\"_blank\">till klubbens hemsida<\/a>.\u00a0<\/p>\n","protected":false},"excerpt":{"rendered":"Publicerad 27 dec 2025 kl 11.11Uppdaterad kl 20.13 Halmstad k\u00f6per loss Rocco Ascone. Enligt uppgifter till Expressen \u00e4r&hellip;\n","protected":false},"author":2,"featured_media":118841,"comment_status":"","ping_status":"","sticky":false,"template":"","format":"standard","meta":{"footnotes":""},"categories":[68],"tags":[555,5749,34,130,129,111,110,31,33,32,30],"class_list":{"0":"post-118840","1":"post","2":"type-post","3":"status-publish","4":"format-standard","5":"has-post-thumbnail","7":"category-sport","8":"tag-organization-allsvenskan","9":"tag-organization-halmstads-bk","10":"tag-se","11":"tag-sections-allsvenskan","12":"tag-sections-fotboll","13":"tag-sport","14":"tag-sports","15":"tag-svenska","16":"tag-sverige","17":"tag-sweden","18":"tag-swedish"},"share_on_mastodon":{"url":"https:\/\/pubeurope.com\/@se\/115794283268065222","error":""},"_links":{"self":[{"href":"https:\/\/www.europesays.com\/se\/wp-json\/wp\/v2\/posts\/118840","targetHints":{"allow":["GET"]}}],"collection":[{"href":"https:\/\/www.europesays.com\/se\/wp-json\/wp\/v2\/posts"}],"about":[{"href":"https:\/\/www.europesays.com\/se\/wp-json\/wp\/v2\/types\/post"}],"author":[{"embeddable":true,"href":"https:\/\/www.europesays.com\/se\/wp-json\/wp\/v2\/users\/2"}],"replies":[{"embeddable":true,"href":"https:\/\/www.europesays.com\/se\/wp-json\/wp\/v2\/comments?post=118840"}],"version-history":[{"count":0,"href":"https:\/\/www.europesays.com\/se\/wp-json\/wp\/v2\/posts\/118840\/revisions"}],"wp:featuredmedia":[{"embeddable":true,"href":"https:\/\/www.europesays.com\/se\/wp-json\/wp\/v2\/media\/118841"}],"wp:attachment":[{"href":"https:\/\/www.europesays.com\/se\/wp-json\/wp\/v2\/media?parent=118840"}],"wp:term":[{"taxonomy":"category","embeddable":true,"href":"https:\/\/www.europesays.com\/se\/wp-json\/wp\/v2\/categories?post=118840"},{"taxonomy":"post_tag","embeddable":true,"href":"https:\/\/www.europesays.com\/se\/wp-json\/wp\/v2\/tags?post=118840"}],"curies":[{"name":"wp","href":"https:\/\/api.w.org\/{rel}","templated":true}]}}