{"id":118853,"date":"2025-12-28T00:50:20","date_gmt":"2025-12-28T00:50:20","guid":{"rendered":"https:\/\/www.europesays.com\/se\/118853\/"},"modified":"2025-12-28T00:50:20","modified_gmt":"2025-12-28T00:50:20","slug":"tv-bildextra-ny-succe-for-skara-hks-hemvandarmatch-sklt","status":"publish","type":"post","link":"https:\/\/www.europesays.com\/se\/118853\/","title":{"rendered":"TV\/bildextra: Ny succ\u00e9 f\u00f6r Skara HK:s hemv\u00e4ndarmatch \u2013 SkLT"},"content":{"rendered":"<p>Om Skaraborgs L\u00e4ns Tidning<\/p>\n<p class=\"site-footer__about-text txt-ui txt-ui-2\">SkLT har f\u00f6rsett kommuninv\u00e5narna med lokala nyheter i \u00f6ver 130 \u00e5r. Vi levererar lokal journalistik om kommunerna Skara, Vara och G\u00f6tene p\u00e5 v\u00e5r sajt och i appen dygnet runt samt genom tidningen tre dagar i veckan. SkLT rapporterar om det senaste, granskar och blottl\u00e4gger samt lyfter insatser att vara stolt \u00f6ver &#8211; i Skara, f\u00f6r Skara.<\/p>\n","protected":false},"excerpt":{"rendered":"Om Skaraborgs L\u00e4ns Tidning SkLT har f\u00f6rsett kommuninv\u00e5narna med lokala nyheter i \u00f6ver 130 \u00e5r. Vi levererar lokal&hellip;\n","protected":false},"author":2,"featured_media":118854,"comment_status":"","ping_status":"","sticky":false,"template":"","format":"standard","meta":{"footnotes":""},"categories":[65],"tags":[72,70,71,34,31,33,32,30],"class_list":{"0":"post-118853","1":"post","2":"type-post","3":"status-publish","4":"format-standard","5":"has-post-thumbnail","7":"category-ekonomi","8":"tag-business","9":"tag-economy","10":"tag-ekonomi","11":"tag-se","12":"tag-svenska","13":"tag-sverige","14":"tag-sweden","15":"tag-swedish"},"share_on_mastodon":{"url":"https:\/\/pubeurope.com\/@se\/115794452430801749","error":""},"_links":{"self":[{"href":"https:\/\/www.europesays.com\/se\/wp-json\/wp\/v2\/posts\/118853","targetHints":{"allow":["GET"]}}],"collection":[{"href":"https:\/\/www.europesays.com\/se\/wp-json\/wp\/v2\/posts"}],"about":[{"href":"https:\/\/www.europesays.com\/se\/wp-json\/wp\/v2\/types\/post"}],"author":[{"embeddable":true,"href":"https:\/\/www.europesays.com\/se\/wp-json\/wp\/v2\/users\/2"}],"replies":[{"embeddable":true,"href":"https:\/\/www.europesays.com\/se\/wp-json\/wp\/v2\/comments?post=118853"}],"version-history":[{"count":0,"href":"https:\/\/www.europesays.com\/se\/wp-json\/wp\/v2\/posts\/118853\/revisions"}],"wp:featuredmedia":[{"embeddable":true,"href":"https:\/\/www.europesays.com\/se\/wp-json\/wp\/v2\/media\/118854"}],"wp:attachment":[{"href":"https:\/\/www.europesays.com\/se\/wp-json\/wp\/v2\/media?parent=118853"}],"wp:term":[{"taxonomy":"category","embeddable":true,"href":"https:\/\/www.europesays.com\/se\/wp-json\/wp\/v2\/categories?post=118853"},{"taxonomy":"post_tag","embeddable":true,"href":"https:\/\/www.europesays.com\/se\/wp-json\/wp\/v2\/tags?post=118853"}],"curies":[{"name":"wp","href":"https:\/\/api.w.org\/{rel}","templated":true}]}}