{"id":118857,"date":"2025-12-28T00:55:17","date_gmt":"2025-12-28T00:55:17","guid":{"rendered":"https:\/\/www.europesays.com\/se\/118857\/"},"modified":"2025-12-28T00:55:17","modified_gmt":"2025-12-28T00:55:17","slug":"han-var-en-fara-for-sig-sjalv-och-andra","status":"publish","type":"post","link":"https:\/\/www.europesays.com\/se\/118857\/","title":{"rendered":"Han var en fara f\u00f6r sig sj\u00e4lv och andra"},"content":{"rendered":"<p>Mamman till den man som misst\u00e4nks ha m\u00f6rdat en kvinna i Boden ber\u00e4ttar f\u00f6r NSD att sonen under st\u00f6rre delen av sitt liv led av psykisk oh\u00e4lsa.<\/p>\n<p>Vid flera tillf\u00e4llen slog hon larm om att han skrivits ut f\u00f6r tidigt fr\u00e5n psykiatrin. Mamman vittnar om att han kunde vara en fara f\u00f6r sig sj\u00e4lv och andra p\u00e5 grund av sina diagnoser, och att hon ett tag var r\u00e4dd f\u00f6r honom och l\u00e5ste sovrumsd\u00f6rren eftersom han inte var sig sj\u00e4lv.<\/p>\n<p>Den 17 december blev han tv\u00e5ngsinlagd, vilket mamman beskriver som en l\u00e4ttnad \u2013 men dagen efter blev han utskriven igen.<\/p>\n<p>\u2013 Om han f\u00e5tt r\u00e4tt hj\u00e4lp och blivit inskriven p\u00e5 psykiatrin en l\u00e4ngre tid och inte blivit utskriven dagen efter, s\u00e5 hade kanske inte detta hade h\u00e4nt. Jag \u00e4r j\u00e4ttebesviken p\u00e5 v\u00e5rden.<\/p>\n<p>Mamman beskriver d\u00e5det som \u201dfruktansv\u00e4rt tragiskt\u201d.<\/p>\n<p>\u2013 Det \u00e4r s\u00e5 hemskt att en oskyldig person miste sitt liv, s\u00e4ger hon om kvinnan som d\u00f6dades.<\/p>\n<p>Omni \u00e4r politiskt obundna och oberoende. Vi str\u00e4var efter att ge fler perspektiv p\u00e5 nyheterna. Har du fr\u00e5gor eller synpunkter kring v\u00e5r rapportering? <a href=\"https:\/\/omni.se\/misstankte-bodenmordarens-mamma-han-var-en-fara-for-sig-sjalv-och-andra\/a\/mailto:redaktion@omni.se\" class=\"ArticleActions_contactLink__W2F1M\" rel=\"nofollow noopener\" target=\"_blank\">Kontakta redaktionen<\/a><\/p>\n","protected":false},"excerpt":{"rendered":"Mamman till den man som misst\u00e4nks ha m\u00f6rdat en kvinna i Boden ber\u00e4ttar f\u00f6r NSD att sonen under&hellip;\n","protected":false},"author":2,"featured_media":118858,"comment_status":"","ping_status":"","sticky":false,"template":"","format":"standard","meta":{"footnotes":""},"categories":[5],"tags":[6505,22,23,128,26,27,17,21,24,25,28,29,15,841,16,18,34,31,33,32,30,19,20],"class_list":{"0":"post-118857","1":"post","2":"type-post","3":"status-publish","4":"format-standard","5":"has-post-thumbnail","7":"category-rubriker","8":"tag-boden","9":"tag-breaking-news","10":"tag-breakingnews","11":"tag-brott","12":"tag-featured-news","13":"tag-featurednews","14":"tag-headlines","15":"tag-huvudnyheter","16":"tag-latest-news","17":"tag-latestnews","18":"tag-main-news","19":"tag-mainnews","20":"tag-news","21":"tag-norrbottens-lan","22":"tag-nyheter","23":"tag-rubriker","24":"tag-se","25":"tag-svenska","26":"tag-sverige","27":"tag-sweden","28":"tag-swedish","29":"tag-top-stories","30":"tag-topstories"},"share_on_mastodon":{"url":"https:\/\/pubeurope.com\/@se\/115794472016526201","error":""},"_links":{"self":[{"href":"https:\/\/www.europesays.com\/se\/wp-json\/wp\/v2\/posts\/118857","targetHints":{"allow":["GET"]}}],"collection":[{"href":"https:\/\/www.europesays.com\/se\/wp-json\/wp\/v2\/posts"}],"about":[{"href":"https:\/\/www.europesays.com\/se\/wp-json\/wp\/v2\/types\/post"}],"author":[{"embeddable":true,"href":"https:\/\/www.europesays.com\/se\/wp-json\/wp\/v2\/users\/2"}],"replies":[{"embeddable":true,"href":"https:\/\/www.europesays.com\/se\/wp-json\/wp\/v2\/comments?post=118857"}],"version-history":[{"count":0,"href":"https:\/\/www.europesays.com\/se\/wp-json\/wp\/v2\/posts\/118857\/revisions"}],"wp:featuredmedia":[{"embeddable":true,"href":"https:\/\/www.europesays.com\/se\/wp-json\/wp\/v2\/media\/118858"}],"wp:attachment":[{"href":"https:\/\/www.europesays.com\/se\/wp-json\/wp\/v2\/media?parent=118857"}],"wp:term":[{"taxonomy":"category","embeddable":true,"href":"https:\/\/www.europesays.com\/se\/wp-json\/wp\/v2\/categories?post=118857"},{"taxonomy":"post_tag","embeddable":true,"href":"https:\/\/www.europesays.com\/se\/wp-json\/wp\/v2\/tags?post=118857"}],"curies":[{"name":"wp","href":"https:\/\/api.w.org\/{rel}","templated":true}]}}