{"id":118861,"date":"2025-12-28T01:02:10","date_gmt":"2025-12-28T01:02:10","guid":{"rendered":"https:\/\/www.europesays.com\/se\/118861\/"},"modified":"2025-12-28T01:02:10","modified_gmt":"2025-12-28T01:02:10","slug":"rod-varning-i-malaga-risk-for-oversvamningar","status":"publish","type":"post","link":"https:\/\/www.europesays.com\/se\/118861\/","title":{"rendered":"R\u00f6d varning i Malaga \u2013 risk f\u00f6r \u00f6versv\u00e4mningar"},"content":{"rendered":"<p>Publicerad 27 dec 2025 kl 23.18Uppdaterad 28 dec kl 01.38<\/p>\n<p>Det regnar kraftigt p\u00e5 den spanska solkusten \u2013 och man tar h\u00f6jd f\u00f6r 120 millimeter regn.<\/p>\n<p>P\u00e5 l\u00f6rdagskv\u00e4llen gick en skarp varning ut.<\/p>\n<p>\u2013 Det var ett sjuhelsikes \u00e5skov\u00e4der som drog f\u00f6rbi, s\u00e4ger svenska Douglas Oest som \u00e4r p\u00e5 plats utanf\u00f6r Marbella.<\/p>\n<p>Senaste nyhetsklippen fr\u00e5n Expressen.<img   alt=\"\"\/><\/p>\n<p>Det \u00e4r flera varningar utf\u00e4rdade.<\/p>\n<p>Foto: V\u00e4dermyndigheten Aemet<\/p>\n<p>\u00d6ppna bild i helsk\u00e4rm<img loading=\"lazy\"   alt=\"\"\/><\/p>\n<p>Douglas Oest firar jul utanf\u00f6r Marbella.<\/p>\n<p>Foto: Privat<\/p>\n<p>\u00d6ppna bild i helsk\u00e4rm<img loading=\"lazy\"   alt=\"\"\/><\/p>\n<p>\u00d6versv\u00e4mning i Marbella.<\/p>\n<p>Foto: JUAN CARLOS DOMINGUEZ \/ EPA EFE<\/p>\n<p>\u00d6ppna bild i helsk\u00e4rm<\/p>\n<p>Det har regnat och bl\u00e5st kraftigt i de v\u00e4stra delarna av spanska solkusten under l\u00f6rdagen.<\/p>\n<p>V\u00e4rst har det varit runt <a href=\"https:\/\/www.expressen.se\/tagg\/location\/malaga\/\" class=\"\" rel=\"nofollow noopener\" target=\"_blank\">Malaga<\/a>, d\u00e4r en orange varning nu uppgraderats till en r\u00f6d.<\/p>\n<p>Vid 21-tiden gick ett sms ut till alla boende i provinsen med kraftfulla varningar.\u00a0<\/p>\n<p>En av dem som fick varningen \u00e4r Douglas Oest, som firar jul i sitt boende utanf\u00f6r Marbella.<\/p>\n<p>\u2013 Det regnade v\u00e4ldigt mycket f\u00f6r ett par timmar sedan, men nu verkar det v\u00e4rsta dragit f\u00f6rbi h\u00e4r f\u00f6r tillf\u00e4llet, men vattnet ligger kvar, s\u00e4ger han.<\/p>\n<p>V\u00e4dermyndigheten Aemet varnar f\u00f6r \u201dextraordin\u00e4r fara\u201d p\u00e5 grund av regnm\u00e4ngderna fram till klockan fyra p\u00e5 natten.<\/p>\n<p>Risken: Dras med av vattnet<\/p>\n<p>Myndigheten skriver att det riskerar att falla 120 millimeter regn p\u00e5 drygt tolv timmar \u2013 och varnar f\u00f6r \u00f6versv\u00e4mningar.<\/p>\n<p><a href=\"https:\/\/www.diariosur.es\/malaga\/aviso-rojo-malaga-tormentas-alertas-moviles-20251227213922-nt.html\" rel=\"nofollow noopener\" target=\"_blank\">Diaro sur<\/a> skriver att elva flyg som var p\u00e5 v\u00e4g till Malaga f\u00e5tt landa p\u00e5 andra st\u00e4llen.<\/p>\n<p>I sms-varningen avr\u00e5der man fr\u00e5n alla f\u00f6rflyttningar som inte \u00e4r n\u00f6dv\u00e4ndiga, och varnar specifikt f\u00f6r att korsa vattendrag.<\/p>\n<p>\u2013 P\u00e5 de sm\u00e5 v\u00e4garna har man inte alltid broar. Blir floden full av vatten kan bilen dras med och flyta i v\u00e4g, s\u00e4ger Douglas Oest.<\/p>\n<p>Boende i \u00f6versv\u00e4mningshotande omr\u00e5den p\u00e5 l\u00e5ga h\u00f6jder uppmanas att ta sig upp\u00e5t. Douglas Oest och hans familj \u00e4r redan h\u00f6gt upp och planerar att v\u00e4nta ut stormen.<\/p>\n<p>\u2013 Vi h\u00e5ller oss inne, s\u00e4ger han.<\/p>\n","protected":false},"excerpt":{"rendered":"Publicerad 27 dec 2025 kl 23.18Uppdaterad 28 dec kl 01.38 Det regnar kraftigt p\u00e5 den spanska solkusten \u2013&hellip;\n","protected":false},"author":2,"featured_media":118862,"comment_status":"","ping_status":"","sticky":false,"template":"","format":"standard","meta":{"footnotes":""},"categories":[14],"tags":[22,23,26,27,17,21,24,25,852,2191,498,28,29,15,16,18,34,55,31,33,32,30,19,12704,12705,20,51,52,53,54],"class_list":{"0":"post-118861","1":"post","2":"type-post","3":"status-publish","4":"format-standard","5":"has-post-thumbnail","7":"category-varlden","8":"tag-breaking-news","9":"tag-breakingnews","10":"tag-featured-news","11":"tag-featurednews","12":"tag-headlines","13":"tag-huvudnyheter","14":"tag-latest-news","15":"tag-latestnews","16":"tag-location-malaga","17":"tag-location-marbella","18":"tag-location-spanien","19":"tag-main-news","20":"tag-mainnews","21":"tag-news","22":"tag-nyheter","23":"tag-rubriker","24":"tag-se","25":"tag-sections-varlden","26":"tag-svenska","27":"tag-sverige","28":"tag-sweden","29":"tag-swedish","30":"tag-top-stories","31":"tag-topic-aska","32":"tag-topic-regn","33":"tag-topstories","34":"tag-varlden","35":"tag-world","36":"tag-world-news","37":"tag-worldnews"},"share_on_mastodon":{"url":"https:\/\/pubeurope.com\/@se\/115794499493716979","error":""},"_links":{"self":[{"href":"https:\/\/www.europesays.com\/se\/wp-json\/wp\/v2\/posts\/118861","targetHints":{"allow":["GET"]}}],"collection":[{"href":"https:\/\/www.europesays.com\/se\/wp-json\/wp\/v2\/posts"}],"about":[{"href":"https:\/\/www.europesays.com\/se\/wp-json\/wp\/v2\/types\/post"}],"author":[{"embeddable":true,"href":"https:\/\/www.europesays.com\/se\/wp-json\/wp\/v2\/users\/2"}],"replies":[{"embeddable":true,"href":"https:\/\/www.europesays.com\/se\/wp-json\/wp\/v2\/comments?post=118861"}],"version-history":[{"count":0,"href":"https:\/\/www.europesays.com\/se\/wp-json\/wp\/v2\/posts\/118861\/revisions"}],"wp:featuredmedia":[{"embeddable":true,"href":"https:\/\/www.europesays.com\/se\/wp-json\/wp\/v2\/media\/118862"}],"wp:attachment":[{"href":"https:\/\/www.europesays.com\/se\/wp-json\/wp\/v2\/media?parent=118861"}],"wp:term":[{"taxonomy":"category","embeddable":true,"href":"https:\/\/www.europesays.com\/se\/wp-json\/wp\/v2\/categories?post=118861"},{"taxonomy":"post_tag","embeddable":true,"href":"https:\/\/www.europesays.com\/se\/wp-json\/wp\/v2\/tags?post=118861"}],"curies":[{"name":"wp","href":"https:\/\/api.w.org\/{rel}","templated":true}]}}