{"id":118867,"date":"2025-12-28T01:52:39","date_gmt":"2025-12-28T01:52:39","guid":{"rendered":"https:\/\/www.europesays.com\/se\/118867\/"},"modified":"2025-12-28T01:52:39","modified_gmt":"2025-12-28T01:52:39","slug":"trump-attackerat-is-terrorister-i-nigeria-3","status":"publish","type":"post","link":"https:\/\/www.europesays.com\/se\/118867\/","title":{"rendered":"Trump: Attackerat IS-terrorister i Nigeria"},"content":{"rendered":"<p><strong>Flygattackerna ska ha<\/strong> \u00e4gt rum i nordv\u00e4stra delarna av det afrikanska landet.<\/p>\n<p>\u201dJag har varnat dessa terrorister att om de inte slutade slakta kristna, skulle de f\u00e5 betala dyrt. Det har de f\u00e5tt g\u00f6ra i kv\u00e4ll\u201d, skriver Trump p\u00e5 Truth Social. .<\/p>\n<p>Nigerias utrikesminister Yusuf Maitama Tuggar s\u00e4ger till brittiska BBC att det var en \u201dgemensam operation\u201d riktad mot \u201dterrorister\u201d och att den \u201dinte har n\u00e5got att g\u00f6ra med en viss religion\u201d.<\/p>\n<p>Utan att namnge IS specifikt sa Tuggar att operationen hade planerats \u201dunder en l\u00e4ngre tid\u201d och hade anv\u00e4nt underr\u00e4ttelseinformation fr\u00e5n den nigerianska sidan.<\/p>\n<p><strong>Ministern utesl\u00f6t inte <\/strong>ytterligare attacker och tillade att detta berodde p\u00e5 \u201dbeslut som ska fattas av de tv\u00e5 l\u00e4ndernas ledning\u201d.<\/p>\n<p>Trump har tidigare riktat kritik mot Nigeria och p\u00e5st\u00e5tt att kristna i landet uts\u00e4tts f\u00f6r hot och angrepp som n\u00e4rmast liknar \u201dfolkmord\u201d. I samband med anklagelserna varnade Trump att milit\u00e4ra \u00e5tg\u00e4rder kunde komma att s\u00e4ttas in mot Nigeria.<\/p>\n<p>Nigerias regering nekar till anklagelserna och oberoende m\u00e4nskliga r\u00e4ttighetsorganisationer har ifr\u00e5gasatt p\u00e5st\u00e5endena. Kristna h\u00f6gergrupper i USA och Europa har d\u00e4remot st\u00e4llt sig bakom anklagelserna.<\/p>\n<p>Torsdagens attacker utg\u00f6r ett viktigt st\u00f6d f\u00f6r den nigerianska arm\u00e9n som bek\u00e4mpar flera konflikter samtidigt i olika regioner i landet, som \u00e4r Afrikas folkrikaste. \u00c5tminstone tv\u00e5 av de bev\u00e4pnade miliserna i Nigeria har r\u00f6tter i terrorgruppen IS.\u00a0<\/p>\n<p><strong>I landets fattiga <\/strong>gr\u00e4nsomr\u00e5den \u00e4r centralmaktens inflytande ofta svagt vilket gjort att v\u00e4pnade miliser kunnat f\u00e5 f\u00e4ste och frodas. Attacker fr\u00e5n islamistiska terrorister, som drabbar b\u00e5de kristna och muslimer, \u00e4r \u00e5terkommande.\u00a0<\/p>\n","protected":false},"excerpt":{"rendered":"Flygattackerna ska ha \u00e4gt rum i nordv\u00e4stra delarna av det afrikanska landet. \u201dJag har varnat dessa terrorister att&hellip;\n","protected":false},"author":2,"featured_media":118868,"comment_status":"","ping_status":"","sticky":false,"template":"","format":"standard","meta":{"footnotes":""},"categories":[5],"tags":[22,23,26,27,17,21,24,25,28,29,15,16,18,34,31,33,32,30,19,20],"class_list":{"0":"post-118867","1":"post","2":"type-post","3":"status-publish","4":"format-standard","5":"has-post-thumbnail","7":"category-rubriker","8":"tag-breaking-news","9":"tag-breakingnews","10":"tag-featured-news","11":"tag-featurednews","12":"tag-headlines","13":"tag-huvudnyheter","14":"tag-latest-news","15":"tag-latestnews","16":"tag-main-news","17":"tag-mainnews","18":"tag-news","19":"tag-nyheter","20":"tag-rubriker","21":"tag-se","22":"tag-svenska","23":"tag-sverige","24":"tag-sweden","25":"tag-swedish","26":"tag-top-stories","27":"tag-topstories"},"share_on_mastodon":{"url":"https:\/\/pubeurope.com\/@se\/115794696156206827","error":""},"_links":{"self":[{"href":"https:\/\/www.europesays.com\/se\/wp-json\/wp\/v2\/posts\/118867","targetHints":{"allow":["GET"]}}],"collection":[{"href":"https:\/\/www.europesays.com\/se\/wp-json\/wp\/v2\/posts"}],"about":[{"href":"https:\/\/www.europesays.com\/se\/wp-json\/wp\/v2\/types\/post"}],"author":[{"embeddable":true,"href":"https:\/\/www.europesays.com\/se\/wp-json\/wp\/v2\/users\/2"}],"replies":[{"embeddable":true,"href":"https:\/\/www.europesays.com\/se\/wp-json\/wp\/v2\/comments?post=118867"}],"version-history":[{"count":0,"href":"https:\/\/www.europesays.com\/se\/wp-json\/wp\/v2\/posts\/118867\/revisions"}],"wp:featuredmedia":[{"embeddable":true,"href":"https:\/\/www.europesays.com\/se\/wp-json\/wp\/v2\/media\/118868"}],"wp:attachment":[{"href":"https:\/\/www.europesays.com\/se\/wp-json\/wp\/v2\/media?parent=118867"}],"wp:term":[{"taxonomy":"category","embeddable":true,"href":"https:\/\/www.europesays.com\/se\/wp-json\/wp\/v2\/categories?post=118867"},{"taxonomy":"post_tag","embeddable":true,"href":"https:\/\/www.europesays.com\/se\/wp-json\/wp\/v2\/tags?post=118867"}],"curies":[{"name":"wp","href":"https:\/\/api.w.org\/{rel}","templated":true}]}}