{"id":118869,"date":"2025-12-28T02:08:23","date_gmt":"2025-12-28T02:08:23","guid":{"rendered":"https:\/\/www.europesays.com\/se\/118869\/"},"modified":"2025-12-28T02:08:23","modified_gmt":"2025-12-28T02:08:23","slug":"fick-punktering-pa-e4-bytte-dack-i-korfaltet-unt","status":"publish","type":"post","link":"https:\/\/www.europesays.com\/se\/118869\/","title":{"rendered":"Fick punktering p\u00e5 E4 \u2013 bytte d\u00e4ck i k\u00f6rf\u00e4ltet &#8211; UNT"},"content":{"rendered":"<ol>\n<li><a href=\"https:\/\/news.google.com\/rss\/articles\/CBMioAFBVV95cUxNbEM4S2ZOaFpEWk5TTWZTanM2R0FraGJkSl9mNTd5al80UWVzaUxJTnZFbVlQVXZqMmNDWkY4TkJGZWt0bWhEQkN6ZjJLMkR5RU1hdjdTeUtPOWk0MVpMX1Buc3drUy0wRHczMFdSdzFhYnFxQjJ4WWpqcTNfXy1SLUQ1T0FRVTBMY0xVMHlkR3NYMWdqZ0M1VmdQRXJWRGtn?oc=5\" target=\"_blank\" rel=\"nofollow noopener\">Fick punktering p\u00e5 E4 \u2013 bytte d\u00e4ck i k\u00f6rf\u00e4ltet<\/a>&nbsp;&nbsp;UNT<\/li>\n<li><a href=\"https:\/\/news.google.com\/rss\/articles\/CBMiuAFBVV95cUxOSDZBY2Z4WTJTWkVBQW42MDVTWml3dUo0MmdEb2xmQ3dFTFhyNnB1R2EyTW5BREotWi1HaW9pRTAzYjJGQXc2blVwZDM2TjhiaU9uQVJfNGVCOFBCUGRnU2Z1RGtOQ1hvZ09id09wNWsxUWNOWXJsS05fMFhKUU54MjJqWl9vQWdRZEhzRWlUUldCaEhicEdCbkZkb3NSMmlDV3YwYUNaQ3g0NzFWVHRhUkIzWnVxeWdr?oc=5\" target=\"_blank\" rel=\"nofollow noopener\">En stillast\u00e5ende personbil orsakar stopp i ett k\u00f6rf\u00e4lt p\u00e5 E4<\/a>&nbsp;&nbsp;UNT<\/li>\n<li><a href=\"https:\/\/news.google.com\/rss\/articles\/CBMi2AFBVV95cUxQN2p0VlJ4VEJ6XzdETGkwNTc4bUk5MTNQMzQ1VWNrbFBzZmVaSVBvcGx3NDNlTXBEQkxPRVRlcTJtQWpTcm52NE1tS2pJUnZ4MGtCNGhUMm43MHVHMi1MVHNMZW9XUGhqMmtXbkJQM3BITGd1cUxfc0hOWmwtYkt4ZnNidmNydG9obmI0Q3pyQmpnZ1NMVWdoMlE2YkxVTnhVZHItUFhBdmJ0SlVDY2VXRnZqSWFmRnJJY29oNW5aUW5NeHFKRmxGQkQ1ejB4SEJCSWQ5b1lzVFk?oc=5\" target=\"_blank\" rel=\"nofollow noopener\">Just nu: Stillast\u00e5ende flera stillast\u00e5ende fordon skapar problem i trafiken p\u00e5 E4<\/a>&nbsp;&nbsp;NT<\/li>\n<li><a href=\"https:\/\/news.google.com\/rss\/articles\/CBMiogFBVV95cUxOdFZpVFZfNW91VVQ0NDdhcXJnWE1DVEFja2FKMi1aM1Y0ZG53OVBYOWlwVEhyYmJpbnpVd3hFaGVJRGVyVjFFNUQ3QzJ4Y3E1ZTI1OFJOaG55bHY1b2VTNTJQV0dNdlJCZzVFSlY4VGZrVkhRVF9GYzhhWkxYUWZITE9sS2xjSVYwODBUcHhpdC1OajF2eF9IODlkWDJFeXVwRlE?oc=5\" target=\"_blank\" rel=\"nofollow noopener\">Stillast\u00e5ende fordon skapar problem p\u00e5 E4<\/a>&nbsp;&nbsp;SN, S\u00f6dermanlands Nyheter<\/li>\n<li><a href=\"https:\/\/news.google.com\/rss\/articles\/CBMiygFBVV95cUxNTVRhTUFsbm5YM3NET1ljRjlQSndmUEo2T2RibEpLcVZzUVI4dTljQUpOUnZROFNMRVh3OE1aS3lfUkhuZk41ZzF5U0tMT3EtVlNSWnN3Nm1hN1pmSVNuNzkwWGI1NWNCOE0tcDhCMzV4YnlSZDYzM2NNQlJaTjc1MEhheGsyTXo4QUxMZmFUVmRLdlpDaXk1azB6eXFSZGNrYUk4dk93aW5OOEs3d1l5aXdBRDlCbkl3NWFKWkV4NGI4UGZad2lNZ0F3?oc=5\" target=\"_blank\" rel=\"nofollow noopener\">Just nu: Stopp i ett k\u00f6rf\u00e4lt p\u00e5 grund av en stillast\u00e5ende fordon p\u00e5 E18<\/a>&nbsp;&nbsp;UNT<\/li>\n<\/ol>\n","protected":false},"excerpt":{"rendered":"Fick punktering p\u00e5 E4 \u2013 bytte d\u00e4ck i k\u00f6rf\u00e4ltet&nbsp;&nbsp;UNT En stillast\u00e5ende personbil orsakar stopp i ett k\u00f6rf\u00e4lt p\u00e5&hellip;\n","protected":false},"author":2,"featured_media":1027,"comment_status":"","ping_status":"","sticky":false,"template":"","format":"standard","meta":{"footnotes":""},"categories":[12],"tags":[22,23,26,27,17,21,24,25,28,29,15,16,18,34,31,33,32,30,19,20],"class_list":{"0":"post-118869","1":"post","2":"type-post","3":"status-publish","4":"format-standard","5":"has-post-thumbnail","7":"category-sverige","8":"tag-breaking-news","9":"tag-breakingnews","10":"tag-featured-news","11":"tag-featurednews","12":"tag-headlines","13":"tag-huvudnyheter","14":"tag-latest-news","15":"tag-latestnews","16":"tag-main-news","17":"tag-mainnews","18":"tag-news","19":"tag-nyheter","20":"tag-rubriker","21":"tag-se","22":"tag-svenska","23":"tag-sverige","24":"tag-sweden","25":"tag-swedish","26":"tag-top-stories","27":"tag-topstories"},"share_on_mastodon":{"url":"https:\/\/pubeurope.com\/@se\/115794759054365874","error":""},"_links":{"self":[{"href":"https:\/\/www.europesays.com\/se\/wp-json\/wp\/v2\/posts\/118869","targetHints":{"allow":["GET"]}}],"collection":[{"href":"https:\/\/www.europesays.com\/se\/wp-json\/wp\/v2\/posts"}],"about":[{"href":"https:\/\/www.europesays.com\/se\/wp-json\/wp\/v2\/types\/post"}],"author":[{"embeddable":true,"href":"https:\/\/www.europesays.com\/se\/wp-json\/wp\/v2\/users\/2"}],"replies":[{"embeddable":true,"href":"https:\/\/www.europesays.com\/se\/wp-json\/wp\/v2\/comments?post=118869"}],"version-history":[{"count":0,"href":"https:\/\/www.europesays.com\/se\/wp-json\/wp\/v2\/posts\/118869\/revisions"}],"wp:featuredmedia":[{"embeddable":true,"href":"https:\/\/www.europesays.com\/se\/wp-json\/wp\/v2\/media\/1027"}],"wp:attachment":[{"href":"https:\/\/www.europesays.com\/se\/wp-json\/wp\/v2\/media?parent=118869"}],"wp:term":[{"taxonomy":"category","embeddable":true,"href":"https:\/\/www.europesays.com\/se\/wp-json\/wp\/v2\/categories?post=118869"},{"taxonomy":"post_tag","embeddable":true,"href":"https:\/\/www.europesays.com\/se\/wp-json\/wp\/v2\/tags?post=118869"}],"curies":[{"name":"wp","href":"https:\/\/api.w.org\/{rel}","templated":true}]}}