{"id":118870,"date":"2025-12-28T02:18:25","date_gmt":"2025-12-28T02:18:25","guid":{"rendered":"https:\/\/www.europesays.com\/se\/118870\/"},"modified":"2025-12-28T02:18:25","modified_gmt":"2025-12-28T02:18:25","slug":"nedfallna-trad-paverkar-trafiken-pa-vag-1014","status":"publish","type":"post","link":"https:\/\/www.europesays.com\/se\/118870\/","title":{"rendered":"Nedfallna tr\u00e4d p\u00e5verkar trafiken p\u00e5 v\u00e4g 1014"},"content":{"rendered":"<p> Orsaken \u00e4r nerfallna tr\u00e4d, uppger Trafikverket. Personal \u00e4r p\u00e5 v\u00e4g till platsen.Trafikverket bed\u00f6mer att h\u00e4ndelsen har stor p\u00e5verkan p\u00e5 trafiken, ett k\u00f6rf\u00e4lt \u00e4r blockerat. Varningen skickades ut 12.16 p\u00e5 l\u00f6rdagen och man bed\u00f6mer att trafiken kommer att p\u00e5verkas fram till klockan 13.31.Uppdatering klockan 13:31: Trafiksituationen ej l\u00e4ngre p\u00e5verkad.<\/p>\n","protected":false},"excerpt":{"rendered":"Orsaken \u00e4r nerfallna tr\u00e4d, uppger Trafikverket. Personal \u00e4r p\u00e5 v\u00e4g till platsen.Trafikverket bed\u00f6mer att h\u00e4ndelsen har stor p\u00e5verkan&hellip;\n","protected":false},"author":2,"featured_media":118871,"comment_status":"","ping_status":"","sticky":false,"template":"","format":"standard","meta":{"footnotes":""},"categories":[5],"tags":[22,23,26,27,17,21,24,25,28,29,15,16,18,34,31,33,32,30,19,20],"class_list":{"0":"post-118870","1":"post","2":"type-post","3":"status-publish","4":"format-standard","5":"has-post-thumbnail","7":"category-rubriker","8":"tag-breaking-news","9":"tag-breakingnews","10":"tag-featured-news","11":"tag-featurednews","12":"tag-headlines","13":"tag-huvudnyheter","14":"tag-latest-news","15":"tag-latestnews","16":"tag-main-news","17":"tag-mainnews","18":"tag-news","19":"tag-nyheter","20":"tag-rubriker","21":"tag-se","22":"tag-svenska","23":"tag-sverige","24":"tag-sweden","25":"tag-swedish","26":"tag-top-stories","27":"tag-topstories"},"share_on_mastodon":{"url":"https:\/\/pubeurope.com\/@se\/115794798360899693","error":""},"_links":{"self":[{"href":"https:\/\/www.europesays.com\/se\/wp-json\/wp\/v2\/posts\/118870","targetHints":{"allow":["GET"]}}],"collection":[{"href":"https:\/\/www.europesays.com\/se\/wp-json\/wp\/v2\/posts"}],"about":[{"href":"https:\/\/www.europesays.com\/se\/wp-json\/wp\/v2\/types\/post"}],"author":[{"embeddable":true,"href":"https:\/\/www.europesays.com\/se\/wp-json\/wp\/v2\/users\/2"}],"replies":[{"embeddable":true,"href":"https:\/\/www.europesays.com\/se\/wp-json\/wp\/v2\/comments?post=118870"}],"version-history":[{"count":0,"href":"https:\/\/www.europesays.com\/se\/wp-json\/wp\/v2\/posts\/118870\/revisions"}],"wp:featuredmedia":[{"embeddable":true,"href":"https:\/\/www.europesays.com\/se\/wp-json\/wp\/v2\/media\/118871"}],"wp:attachment":[{"href":"https:\/\/www.europesays.com\/se\/wp-json\/wp\/v2\/media?parent=118870"}],"wp:term":[{"taxonomy":"category","embeddable":true,"href":"https:\/\/www.europesays.com\/se\/wp-json\/wp\/v2\/categories?post=118870"},{"taxonomy":"post_tag","embeddable":true,"href":"https:\/\/www.europesays.com\/se\/wp-json\/wp\/v2\/tags?post=118870"}],"curies":[{"name":"wp","href":"https:\/\/api.w.org\/{rel}","templated":true}]}}