{"id":118872,"date":"2025-12-28T02:23:07","date_gmt":"2025-12-28T02:23:07","guid":{"rendered":"https:\/\/www.europesays.com\/se\/118872\/"},"modified":"2025-12-28T02:23:07","modified_gmt":"2025-12-28T02:23:07","slug":"till-ungar-som-skjuter-raketer-innan-nyar-blekinge-lans-tidning","status":"publish","type":"post","link":"https:\/\/www.europesays.com\/se\/118872\/","title":{"rendered":"Till ungar som skjuter raketer innan ny\u00e5r \u2013 Blekinge L\u00e4ns Tidning"},"content":{"rendered":"<p>\u2026till ansvariga politiker i Olofstr\u00f6ms kommun som g\u00e5r ut p\u00e5 Facebook och i media och ber\u00e4ttar \u201csagor\u201d om hur det g\u00e5r till inom v\u00e5rd och omsorg i kommunen. Det st\u00e4mmer ju inte med verkligheten. Kommunalr\u00e5det g\u00e5r ocks\u00e5 ut p\u00e5 Facebook med vilka satsningar ni gjort inom LSS. Vilka satsningar? Detta \u00e4r ju inte heller verklighet. Det enda ni gjort \u00e4r indragningar, neddragningar och besparingar vilket absolut inte blivit till det b\u00e4ttre \u2013 utan raka motsatsen. <\/p>\n<p><strong>Sk\u00e4rpning!<\/strong><\/p>\n<p>\u2026till Karlskrona kommun och frukostserveringen i skolorna. Om det ska finnas frukost i skolan m\u00e5ste den vara v\u00e4rd namnet. Det som framkommer i tidningen \u00e4r under all kritik. Stackars ungar.<\/p>\n<p><strong>Selma<\/strong><\/p>\n<p>\u2026till Karlshamns kommun som ger sina anst\u00e4llda en liten och ful handduk i julklapp. Jag blir arg varje \u00e5r p\u00e5 hur lite vi kommunanst\u00e4llda \u00e4r v\u00e4rda.<\/p>\n<p><strong>Trogen medarbetare<\/strong><\/p>\n<p>\u2026till Karlshamns kommun som f\u00f6r\u00e4rade oss anst\u00e4llda med en tygp\u00e5se och ett badlakan i riktigt d\u00e5lig kvalitet och hemsk f\u00e4rg i julklapp. S\u00e5g p\u00e5 Facebook att vissa fick en liten chokladkartong, den l\u00f6s dock med sin fr\u00e5nvaro i min p\u00e5se.<\/p>\n<p><strong>Ge presentkort i st\u00e4llet<\/strong><\/p>\n<p>\u2026till Solg\u00e5rden Mj\u00e4llby som tackar nej till ett gemensamt julbord f\u00f6r boende och anh\u00f6riga. Sk\u00e4let till detta \u00e4r att man redan har mycket aktiviteter. Det h\u00e4nder inte alltf\u00f6r mycket p\u00e5 Solg\u00e5rden och en gemensam fest f\u00f6r b\u00e5de boende och anh\u00f6riga har inte varit aktuellt p\u00e5 m\u00e5nga \u00e5r. Hur kan man tacka nej n\u00e4r man inte ens beh\u00f6ver fixa det?<\/p>\n<p><strong>Mycket undrande anh\u00f6rig<\/strong><\/p>\n<p>\u2026till h\u00f6rviks ungar som sl\u00e4nger bangers och skjuter raketer innan ny\u00e5r. Sk\u00e4rpning f\u00f6r\u00e4ldrar, se efter era barn!<\/p>\n<p><strong>Djurv\u00e4n<\/strong><\/p>\n","protected":false},"excerpt":{"rendered":"\u2026till ansvariga politiker i Olofstr\u00f6ms kommun som g\u00e5r ut p\u00e5 Facebook och i media och ber\u00e4ttar \u201csagor\u201d om&hellip;\n","protected":false},"author":2,"featured_media":118873,"comment_status":"","ping_status":"","sticky":false,"template":"","format":"standard","meta":{"footnotes":""},"categories":[65],"tags":[72,70,71,34,31,33,32,30],"class_list":{"0":"post-118872","1":"post","2":"type-post","3":"status-publish","4":"format-standard","5":"has-post-thumbnail","7":"category-ekonomi","8":"tag-business","9":"tag-economy","10":"tag-ekonomi","11":"tag-se","12":"tag-svenska","13":"tag-sverige","14":"tag-sweden","15":"tag-swedish"},"share_on_mastodon":{"url":"https:\/\/pubeurope.com\/@se\/115794818110251545","error":""},"_links":{"self":[{"href":"https:\/\/www.europesays.com\/se\/wp-json\/wp\/v2\/posts\/118872","targetHints":{"allow":["GET"]}}],"collection":[{"href":"https:\/\/www.europesays.com\/se\/wp-json\/wp\/v2\/posts"}],"about":[{"href":"https:\/\/www.europesays.com\/se\/wp-json\/wp\/v2\/types\/post"}],"author":[{"embeddable":true,"href":"https:\/\/www.europesays.com\/se\/wp-json\/wp\/v2\/users\/2"}],"replies":[{"embeddable":true,"href":"https:\/\/www.europesays.com\/se\/wp-json\/wp\/v2\/comments?post=118872"}],"version-history":[{"count":0,"href":"https:\/\/www.europesays.com\/se\/wp-json\/wp\/v2\/posts\/118872\/revisions"}],"wp:featuredmedia":[{"embeddable":true,"href":"https:\/\/www.europesays.com\/se\/wp-json\/wp\/v2\/media\/118873"}],"wp:attachment":[{"href":"https:\/\/www.europesays.com\/se\/wp-json\/wp\/v2\/media?parent=118872"}],"wp:term":[{"taxonomy":"category","embeddable":true,"href":"https:\/\/www.europesays.com\/se\/wp-json\/wp\/v2\/categories?post=118872"},{"taxonomy":"post_tag","embeddable":true,"href":"https:\/\/www.europesays.com\/se\/wp-json\/wp\/v2\/tags?post=118872"}],"curies":[{"name":"wp","href":"https:\/\/api.w.org\/{rel}","templated":true}]}}