{"id":118874,"date":"2025-12-28T02:28:10","date_gmt":"2025-12-28T02:28:10","guid":{"rendered":"https:\/\/www.europesays.com\/se\/118874\/"},"modified":"2025-12-28T02:28:10","modified_gmt":"2025-12-28T02:28:10","slug":"motte-supportrarnas-ilska-forstar-deras-frustration-vlt","status":"publish","type":"post","link":"https:\/\/www.europesays.com\/se\/118874\/","title":{"rendered":"M\u00f6tte supportrarnas ilska: \u201dF\u00f6rst\u00e5r deras frustration\u201d &#8211; VLT"},"content":{"rendered":"<ol>\n<li><a href=\"https:\/\/news.google.com\/rss\/articles\/CBMihgFBVV95cUxQT09TNmlxWVR0ZU9vV1BnT1p1MjcxTEVKTUtZQnlpU3BZZVJBMUZ3M3hVUkV2U0E1NWZXVHZYMmhvaU8td090TWhQcUI2SWJYcjUtUDhKLVV6N2g0QURfakxOZUFkN1J5eHEzandFenRZZ2NDazg3U29aMzJ0MG4yRzlRY3hvQQ?oc=5\" target=\"_blank\" rel=\"nofollow noopener\">M\u00f6tte supportrarnas ilska: \u201dF\u00f6rst\u00e5r deras frustration\u201d<\/a>&nbsp;&nbsp;VLT<\/li>\n<li><a href=\"https:\/\/news.google.com\/rss\/articles\/CBMickFVX3lxTE4tSUdva2J4YlhtUWlCWHNJTWltY280a2NXV2p2ZFU3dnA4TmNfdTZXOVlZZm8xTVdvS2ZuU3RXSU5IT1Q2TzBvMWdsamwtVlk1NFlrXzItLXVlX0JLR1pSaTRsWElLY3llTjZ3VzZNLWFCUQ?oc=5\" target=\"_blank\" rel=\"nofollow noopener\">DIREKT: S\u00e5 var matchen \u2013 minut f\u00f6r minut<\/a>&nbsp;&nbsp;VLT<\/li>\n<li><a href=\"https:\/\/news.google.com\/rss\/articles\/CBMiakFVX3lxTFBWNTBGRVkwRVhUQ1lSQ0lGV2FTWUMyZ1RUaFBTV2F1NzBPaXF3cjBxV0VWczdQUko0RGt3S0JCdlRjemRfdHVmb1ZScDFUdE1yeXg0Z1V3TXVKYUJ1dVZiMlVDaTFwSWhMV2c?oc=5\" target=\"_blank\" rel=\"nofollow noopener\">VIK Hockey utan chans mot Kalmar<\/a>&nbsp;&nbsp;Sveriges Radio<\/li>\n<li><a href=\"https:\/\/news.google.com\/rss\/articles\/CBMiiAJBVV95cUxQTjBSVU02OXBFbWJPNTBBNUg4S2I2Z0ZQQk0yejZsVUlYSmJFQ1c3ODRVb2dIanNWUFBDT0VvQ2hPNDhTem1Gc05IS3E2ZHBpZURrTnpxbzl3ZGVPS0wzaU13TWRwejF3bXRIR0h4RDRON0NIUXJnT200QU1zaE9BT2pod0U5aVBqZV9HNjNsQWV0LXN0N1ZtcUhxMHRpbkVlNGdJS3NRdWtPX2RjWTdWam1uSTNnRVpEbzhPaENISWROLU4wTUFJcG0xUHlKOER5dHV5cHVyekJwRXBSS1lWYkg4OWF5UGgwR041OUtnSnd6aUFnSHI1M0hQQXlHNGZXSFpQWXAyYlA?oc=5\" target=\"_blank\" rel=\"nofollow noopener\">Ny lektion fr\u00e5n Kalmar: liten budget men stor skillnad p\u00e5 spelet d\u00e5 VIK-klacken kr\u00e4vde ny sportchef och spelarsnack d\u00e4r Komarek stod upp och fick appl\u00e5d \u2013 VIK FAN CENTRAL<\/a>&nbsp;&nbsp;VIK FAN CENTRAL<\/li>\n<li><a href=\"https:\/\/news.google.com\/rss\/articles\/CBMif0FVX3lxTE8weXFFUHdWbW50R1hHVG9tcGtKNUlkZWNaeVZnbjhxNlhrU2lJUU5CdGE1Z3RxU0lxWXg2UFlfNm4tMWlaZTVRdk9kQUxCMlJSOVo5VzBJcVFWVWxPekZuZ1NwNXlWRW5jTk45VlpaQ3RkNUtBUzZ3YkhUbk5tc2s?oc=5\" target=\"_blank\" rel=\"nofollow noopener\">VIK-spelarna m\u00f6tte fansens ilska: &#8221;F\u00f6rst\u00e5r dem&#8221;<\/a>&nbsp;&nbsp;HockeyNews<\/li>\n<\/ol>\n","protected":false},"excerpt":{"rendered":"M\u00f6tte supportrarnas ilska: \u201dF\u00f6rst\u00e5r deras frustration\u201d&nbsp;&nbsp;VLT DIREKT: S\u00e5 var matchen \u2013 minut f\u00f6r minut&nbsp;&nbsp;VLT VIK Hockey utan chans&hellip;\n","protected":false},"author":2,"featured_media":118875,"comment_status":"","ping_status":"","sticky":false,"template":"","format":"standard","meta":{"footnotes":""},"categories":[68],"tags":[34,111,110,31,33,32,30],"class_list":{"0":"post-118874","1":"post","2":"type-post","3":"status-publish","4":"format-standard","5":"has-post-thumbnail","7":"category-sport","8":"tag-se","9":"tag-sport","10":"tag-sports","11":"tag-svenska","12":"tag-sverige","13":"tag-sweden","14":"tag-swedish"},"share_on_mastodon":{"url":"https:\/\/pubeurope.com\/@se\/115794837699756804","error":""},"_links":{"self":[{"href":"https:\/\/www.europesays.com\/se\/wp-json\/wp\/v2\/posts\/118874","targetHints":{"allow":["GET"]}}],"collection":[{"href":"https:\/\/www.europesays.com\/se\/wp-json\/wp\/v2\/posts"}],"about":[{"href":"https:\/\/www.europesays.com\/se\/wp-json\/wp\/v2\/types\/post"}],"author":[{"embeddable":true,"href":"https:\/\/www.europesays.com\/se\/wp-json\/wp\/v2\/users\/2"}],"replies":[{"embeddable":true,"href":"https:\/\/www.europesays.com\/se\/wp-json\/wp\/v2\/comments?post=118874"}],"version-history":[{"count":0,"href":"https:\/\/www.europesays.com\/se\/wp-json\/wp\/v2\/posts\/118874\/revisions"}],"wp:featuredmedia":[{"embeddable":true,"href":"https:\/\/www.europesays.com\/se\/wp-json\/wp\/v2\/media\/118875"}],"wp:attachment":[{"href":"https:\/\/www.europesays.com\/se\/wp-json\/wp\/v2\/media?parent=118874"}],"wp:term":[{"taxonomy":"category","embeddable":true,"href":"https:\/\/www.europesays.com\/se\/wp-json\/wp\/v2\/categories?post=118874"},{"taxonomy":"post_tag","embeddable":true,"href":"https:\/\/www.europesays.com\/se\/wp-json\/wp\/v2\/tags?post=118874"}],"curies":[{"name":"wp","href":"https:\/\/api.w.org\/{rel}","templated":true}]}}